{"id":906887,"date":"2026-02-22T15:57:00","date_gmt":"2026-02-22T14:57:00","guid":{"rendered":"https:\/\/new.gradski.me\/uncategorized\/jubilej-stonoteniskog-saveza-70-godina-postojanja-i-uspjesnog-rada\/"},"modified":"2026-02-28T10:47:15","modified_gmt":"2026-02-28T09:47:15","slug":"jubilej-stonoteniskog-saveza-70-godina-postojanja-i-uspjesnog-rada","status":"publish","type":"post","link":"https:\/\/gradski.me\/en\/sport\/jubilej-stonoteniskog-saveza-70-godina-postojanja-i-uspjesnog-rada\/","title":{"rendered":"Jubilee of the Table Tennis Association - 70 years of existence and successful work"},"content":{"rendered":"<p>Na sve\u010danosti je saop\u0161teno da je Stonoteniski savez zvani\u010dno osnovan 6. februara 1955. godine na konferenciji Saveza sportsih igara Crne Gore u Nik\u0161i\u0107u.&nbsp;Za prvog predsjednika izabran je Dimitrije Vujovi\u0107, prvi potpredsjednik bio je Jovan Radulovi\u0107, a generalni sekretar Borislav \u0160o\u0107.<\/p>\n\n\n\n<p>Saop\u0161teno je i da je Stonoteniski savez prva crnogorska sportska asocijacija koja je postala samostalna i \u010dlanica me\u0111unarodnih asocijacija, prije nego je Crna Gora na referendumu povratila nezavisnost.&nbsp;<\/p>\n\n\n\n<p>Predsjednik \u017deljan \u0160o\u0107 kazao je da, uz istorijske uspjehe Filipa Radovi\u0107a i Luke Baki\u0107a, treba ista\u0107i i sjajne rezultate Irfana \u010ceki\u0107a, osvaja\u010da bronzane na juniorskom prvenstvu Evrope u miksu, pojedina\u010dnog prvaka Balkana do 21 godine.<\/p>\n\n\n\n<p>-Treba ista\u0107i i rezultate Ane Miro\u010devi\u0107 i Dra\u0161ke Velji\u0107, koje su osvojile prvu saveznu medalju u seniorskom dublu 1966. godine u Sloveniji, rekao je \u0160o\u0107.&nbsp;<\/p>\n\n\n\n<p>U desetominutnom filmu o istorijatu i po\u010decima stonog tenisa u Crnoj Gori, autor je podsjetio na osniva\u010de i prve klubove, posebno isti\u010du\u0107i doprinos razvoju po\u010dasnih do\u017eivotnih predsjednika te asocijacije.<\/p>\n\n\n\n<p>\u0160o\u0107 je u pozdravnom govoru kazao da iz stonog tenisa dolazi prva \u017eenska ekipa koja se domogla saveznog ranga takmi\u010denja i da ta asocijacija, uz rukometa\u0161ice, jedina se mo\u017ee pohvaliti olimpijskom, odnosno paraolimpijskom medaljom.<\/p>\n\n\n\n<p>On je podsjetio i na velike talente koji su po\u010deli da se bave stonim tenisom, a kasnije uspje\u0161nu sportsku karijeru nastavili u drugim sportovima, posebno isti\u010du\u0107i Bo\u017eidara Ivanovi\u0107a, Jova Popovi\u0107a i Anta Miro\u010devi\u0107a.<\/p>\n\n\n\n<p>\u0160o\u0107 je kazao da je na sve\u010danosti dodijeljeno vi\u0161e od 100 priznanja biv\u0161im \u0161ampionima, biv\u0161im predsjednicima i generalnim sekretarima, takmi\u010darima, trenerima i sportskim prijateljima.<\/p>\n\n\n\n<p>-Podu\u017ei je spisak nagra\u0111enih za doprinos razvoja na\u0161eg sporta, ali smo puno godina i napunili, rekao je \u0160o\u0107.&nbsp;<\/p>\n\n\n\n<p>Posebnim priznanjima &#8211; Zlatnim plaketama nagra\u0111eni su D\u017eelal Had\u017eijalagi\u0107, Branko Popovi\u0107 i Dijana Zonji\u0107 i posthumno Milutin Mara\u0161 i Sa\u0161a Mila\u010di\u0107.<\/p>\n\n\n\n<p>Prisutne na sve\u010danosti pozdravili su i generalni sekretar Balkanske stonoteniske unije Milorad Trpkovski i samostalni savjetnik u Ministarstvu sporta i mladih Boris Ivanovi\u0107.<\/p>","protected":false},"excerpt":{"rendered":"<p>Stonoteniski savez obilje\u017eio je 70 godina postojanja i uspje\u0161nog rada.<\/p>","protected":false},"author":7,"featured_media":906888,"comment_status":"open","ping_status":"open","sticky":false,"template":"","format":"standard","meta":{"_acf_changed":false,"footnotes":"","jetpack_publicize_message":"","jetpack_publicize_feature_enabled":true,"jetpack_social_post_already_shared":false,"jetpack_social_options":{"image_generator_settings":{"template":"highway","default_image_id":0,"font":"","enabled":false},"version":2}},"categories":[15],"tags":[4038,5517,9680],"naslovna":[],"class_list":["post-906887","post","type-post","status-publish","format-standard","has-post-thumbnail","hentry","category-sport","tag-jubilej","tag-stoni-tenis","tag-stscg"],"acf":[],"jetpack_publicize_connections":[],"_links":{"self":[{"href":"https:\/\/gradski.me\/en\/wp-json\/wp\/v2\/posts\/906887","targetHints":{"allow":["GET"]}}],"collection":[{"href":"https:\/\/gradski.me\/en\/wp-json\/wp\/v2\/posts"}],"about":[{"href":"https:\/\/gradski.me\/en\/wp-json\/wp\/v2\/types\/post"}],"author":[{"embeddable":true,"href":"https:\/\/gradski.me\/en\/wp-json\/wp\/v2\/users\/7"}],"replies":[{"embeddable":true,"href":"https:\/\/gradski.me\/en\/wp-json\/wp\/v2\/comments?post=906887"}],"version-history":[{"count":1,"href":"https:\/\/gradski.me\/en\/wp-json\/wp\/v2\/posts\/906887\/revisions"}],"predecessor-version":[{"id":910531,"href":"https:\/\/gradski.me\/en\/wp-json\/wp\/v2\/posts\/906887\/revisions\/910531"}],"wp:featuredmedia":[{"embeddable":true,"href":"https:\/\/gradski.me\/en\/wp-json\/wp\/v2\/media\/906888"}],"wp:attachment":[{"href":"https:\/\/gradski.me\/en\/wp-json\/wp\/v2\/media?parent=906887"}],"wp:term":[{"taxonomy":"category","embeddable":true,"href":"https:\/\/gradski.me\/en\/wp-json\/wp\/v2\/categories?post=906887"},{"taxonomy":"post_tag","embeddable":true,"href":"https:\/\/gradski.me\/en\/wp-json\/wp\/v2\/tags?post=906887"},{"taxonomy":"naslovna","embeddable":true,"href":"https:\/\/gradski.me\/en\/wp-json\/wp\/v2\/naslovna?post=906887"}],"curies":[{"name":"wp","href":"https:\/\/api.w.org\/{rel}","templated":true}]}}