{"id":906857,"date":"2026-02-22T13:53:00","date_gmt":"2026-02-22T12:53:00","guid":{"rendered":"https:\/\/new.gradski.me\/uncategorized\/spor-oko-nlo-dosijea-maskova-kcerka-optuzuje-trampa-bijela-kuca-uzvraca\/"},"modified":"2026-02-28T10:47:08","modified_gmt":"2026-02-28T09:47:08","slug":"spor-oko-nlo-dosijea-maskova-kcerka-optuzuje-trampa-bijela-kuca-uzvraca","status":"publish","type":"post","link":"https:\/\/gradski.me\/en\/svijet\/spor-oko-nlo-dosijea-maskova-kcerka-optuzuje-trampa-bijela-kuca-uzvraca\/","title":{"rendered":"Spor oko NLO dosijea: Maskova k\u0107erka optu\u017euje Trampa, Bijela ku\u0107a uzvra\u0107a"},"content":{"rendered":"<p>Ameri\u010dki predsednik je svoju odluku, objavljenu na dru\u0161tvenoj mre\u017ei Truth Social, obrazlo\u017eio &#8222;ogromnim interesovanjem&#8220; javnosti, podstaknutim izjavama biv\u0161eg predsjednika Baraka Obame da su vanzemaljci stvarni, iako je Obama priznao da ih nikada nije li\u010dno vidio.<\/p>\n\n\n\n<p>Nakon Trampove objave oglasila se i Vivijan, koja ne razgovara sa svojim ocem, milijarderom Maskom. Na dru\u0161tvenoj mre\u017ei Threads iznijela je svoje vi\u0111enje situacije.<\/p>\n\n\n\n<p>&#8222;Ne \u017eelim sada da teoreti\u0161em, ali mislim da je cijela ova pri\u010da o vanzemaljcima samo skretanje pa\u017enje sa Epstinovih dokumenata&#8220;, napisala je.<\/p>\n\n\n\n<p><strong>Reakcije javnosti na dru\u0161tvenim mre\u017eama<\/strong><\/p>\n\n\n\n<p>Njena objava izazvala je brojne reakcije. &#8222;Apsolutno se sla\u017eem. A ako i nije tako, ja li\u010dno pozdravljam na\u0161e nove vanzemaljske gospodare, sve dok ne diraju djecu i ne poku\u0161aju da nas pojedu&#8220;, komentarisala je jedna osoba.<\/p>\n\n\n\n<p>&#8222;Da, i meni je to palo na pamet&#8220;, slo\u017eila se druga. Tre\u0107a osoba ponudila je svoje obja\u0161njenje: &#8222;To je zato \u0161to je Obama proteklog vikenda u jednom podkastu pri\u010dao o vanzemaljcima. Tramp je opsjednut Obamom.&#8220;<\/p>\n\n\n\n<p><strong>Stav Bijele ku\u0107e o Epstinovom slu\u010daju<\/strong><\/p>\n\n\n\n<p>Na pitanje o izjavi Vivijan Vilson oglasio se i portparol Bijele ku\u0107e.<\/p>\n\n\n\n<p>&#8222;Kao \u0161to je predsjednik Tramp rekao, on je u potpunosti oslobo\u0111en bilo kakve krivice u svemu \u0161to se ti\u010de Epstina&#8220;, navodi se u odgovoru.<\/p>\n\n\n\n<p>&#8222;Objavljivanjem hiljada stranica dokumenata, saradnjom sa sudskim pozivom Odbora za nadzor Predstavni\u010dkog doma, potpisivanjem Zakona o transparentnosti Epstinovih dokumenata i pozivanjem na dalja istra\u017eivanja o Epstinovim prijateljima iz redova demokrata, predsjednik Tramp u\u010dinio je za Epstinove \u017ertve vi\u0161e nego bilo ko prije njega&#8220;, stoji u saop\u0161tenju Bijele ku\u0107e.<\/p>\n\n\n\n<p><strong>Tramp je i ranije govorio o NLO<\/strong><\/p>\n\n\n\n<p>Iako se Trampova najava mo\u017ee \u010diniti iznenadnom, on je i ranije govorio o mogu\u0107nosti objave dokumenata o NLO-ima. Uo\u010di izbora 2024. godine, gostuju\u0107i u podkastu D\u017eoa Rogana, izjavio je: &#8222;Ljude veoma zanima dolaze li bi\u0107a iz svemira. Znam da to i tebe zanima. Mene to, iskreno, nikada nije privla\u010dilo. Nisam vjerovao u to.&#8220;<\/p>\n\n\n\n<p>Ipak, priznao je da su ga razgovori sa vojnim pilotima naveli da razmisli o svemu.<\/p>\n\n\n\n<p>&#8222;Razgovarao sam sa pilotima mlaznjaka, \u010dvrstim momcima, savr\u0161enim, sjajnim pilotima, odli\u010dnima u svemu. Rekli su mi: &#8216;Gospodine, vidjeli smo veoma \u010dudne stvari. Ne\u0161to poput okrugle lopte, ali to nije bio ni kometa ni meteor'&#8220;, rekao je tada Tramp, prenosi b92.<\/p>","protected":false},"excerpt":{"rendered":"<p>K\u0107erka Ilona Maska, Vivijan D\u017eena Vilson, nedavno je komentarisala obe\u0107anje Donalda Trampa da \u0107e njegova administracija objaviti vladine dosijee o vanzemaljcima i NLO-ima.<\/p>","protected":false},"author":4,"featured_media":902045,"comment_status":"open","ping_status":"open","sticky":false,"template":"","format":"standard","meta":{"_acf_changed":false,"footnotes":"","jetpack_publicize_message":"","jetpack_publicize_feature_enabled":true,"jetpack_social_post_already_shared":false,"jetpack_social_options":{"image_generator_settings":{"template":"highway","default_image_id":0,"font":"","enabled":false},"version":2}},"categories":[14],"tags":[1992,230,18233,19682],"naslovna":[],"class_list":["post-906857","post","type-post","status-publish","format-standard","has-post-thumbnail","hentry","category-svijet","tag-bijela-kuca","tag-donald-tramp","tag-ilon-mask","tag-nlo-dosijei"],"acf":[],"jetpack_publicize_connections":[],"_links":{"self":[{"href":"https:\/\/gradski.me\/en\/wp-json\/wp\/v2\/posts\/906857","targetHints":{"allow":["GET"]}}],"collection":[{"href":"https:\/\/gradski.me\/en\/wp-json\/wp\/v2\/posts"}],"about":[{"href":"https:\/\/gradski.me\/en\/wp-json\/wp\/v2\/types\/post"}],"author":[{"embeddable":true,"href":"https:\/\/gradski.me\/en\/wp-json\/wp\/v2\/users\/4"}],"replies":[{"embeddable":true,"href":"https:\/\/gradski.me\/en\/wp-json\/wp\/v2\/comments?post=906857"}],"version-history":[{"count":1,"href":"https:\/\/gradski.me\/en\/wp-json\/wp\/v2\/posts\/906857\/revisions"}],"predecessor-version":[{"id":910512,"href":"https:\/\/gradski.me\/en\/wp-json\/wp\/v2\/posts\/906857\/revisions\/910512"}],"wp:featuredmedia":[{"embeddable":true,"href":"https:\/\/gradski.me\/en\/wp-json\/wp\/v2\/media\/902045"}],"wp:attachment":[{"href":"https:\/\/gradski.me\/en\/wp-json\/wp\/v2\/media?parent=906857"}],"wp:term":[{"taxonomy":"category","embeddable":true,"href":"https:\/\/gradski.me\/en\/wp-json\/wp\/v2\/categories?post=906857"},{"taxonomy":"post_tag","embeddable":true,"href":"https:\/\/gradski.me\/en\/wp-json\/wp\/v2\/tags?post=906857"},{"taxonomy":"naslovna","embeddable":true,"href":"https:\/\/gradski.me\/en\/wp-json\/wp\/v2\/naslovna?post=906857"}],"curies":[{"name":"wp","href":"https:\/\/api.w.org\/{rel}","templated":true}]}}