{"id":906847,"date":"2026-02-22T11:53:47","date_gmt":"2026-02-22T10:53:47","guid":{"rendered":"https:\/\/new.gradski.me\/uncategorized\/pronadjeno-tijelo-planinara-cazima-fetahovica\/"},"modified":"2026-02-28T10:47:06","modified_gmt":"2026-02-28T09:47:06","slug":"pronadjeno-tijelo-planinara-cazima-fetahovica","status":"publish","type":"post","link":"https:\/\/gradski.me\/en\/hronika\/pronadjeno-tijelo-planinara-cazima-fetahovica\/","title":{"rendered":"Prona\u0111eno tijelo planinara \u0106azima Fetahovi\u0107a"},"content":{"rendered":"<p><\/p>\n\n\n\n<p>Tijelo je, kako saznaje RTCG, prona\u0161ao planinar Semir Kardovi\u0107, koji je u\u010destvovao u potrazi.<\/p>\n\n\n\n<p>Nakon pronalaska, odmah su obavije\u0161tene nadle\u017ene slu\u017ebe, koje su iza\u0161le na teren i zapo\u010dele proceduru uvi\u0111aja.<\/p>\n\n\n\n<p>Potraga za Fetahovi\u0107em pokrenuta je ju\u010de nakon \u0161to je prijavljen njegov nestanak.<\/p>","protected":false},"excerpt":{"rendered":"<p>Na planini Hajli danas je prona\u0111eno tijelo planinara \u0106azima Fetahovi\u0107a, koji je ju\u010de nestao tokom boravka na ovoj planini.<\/p>","protected":false},"author":4,"featured_media":906792,"comment_status":"open","ping_status":"open","sticky":false,"template":"","format":"standard","meta":{"_acf_changed":false,"footnotes":"","jetpack_publicize_message":"","jetpack_publicize_feature_enabled":true,"jetpack_social_post_already_shared":false,"jetpack_social_options":{"image_generator_settings":{"template":"highway","default_image_id":0,"font":"","enabled":false},"version":2}},"categories":[10],"tags":[19664,19679,19680],"naslovna":[],"class_list":["post-906847","post","type-post","status-publish","format-standard","has-post-thumbnail","hentry","category-hronika","tag-cazim-fetahovic","tag-hajla","tag-planinar"],"acf":[],"jetpack_publicize_connections":[],"_links":{"self":[{"href":"https:\/\/gradski.me\/en\/wp-json\/wp\/v2\/posts\/906847","targetHints":{"allow":["GET"]}}],"collection":[{"href":"https:\/\/gradski.me\/en\/wp-json\/wp\/v2\/posts"}],"about":[{"href":"https:\/\/gradski.me\/en\/wp-json\/wp\/v2\/types\/post"}],"author":[{"embeddable":true,"href":"https:\/\/gradski.me\/en\/wp-json\/wp\/v2\/users\/4"}],"replies":[{"embeddable":true,"href":"https:\/\/gradski.me\/en\/wp-json\/wp\/v2\/comments?post=906847"}],"version-history":[{"count":1,"href":"https:\/\/gradski.me\/en\/wp-json\/wp\/v2\/posts\/906847\/revisions"}],"predecessor-version":[{"id":910505,"href":"https:\/\/gradski.me\/en\/wp-json\/wp\/v2\/posts\/906847\/revisions\/910505"}],"wp:featuredmedia":[{"embeddable":true,"href":"https:\/\/gradski.me\/en\/wp-json\/wp\/v2\/media\/906792"}],"wp:attachment":[{"href":"https:\/\/gradski.me\/en\/wp-json\/wp\/v2\/media?parent=906847"}],"wp:term":[{"taxonomy":"category","embeddable":true,"href":"https:\/\/gradski.me\/en\/wp-json\/wp\/v2\/categories?post=906847"},{"taxonomy":"post_tag","embeddable":true,"href":"https:\/\/gradski.me\/en\/wp-json\/wp\/v2\/tags?post=906847"},{"taxonomy":"naslovna","embeddable":true,"href":"https:\/\/gradski.me\/en\/wp-json\/wp\/v2\/naslovna?post=906847"}],"curies":[{"name":"wp","href":"https:\/\/api.w.org\/{rel}","templated":true}]}}