{"id":906821,"date":"2026-02-22T09:53:00","date_gmt":"2026-02-22T08:53:00","guid":{"rendered":"https:\/\/new.gradski.me\/uncategorized\/banicevic-hoteli-u-herceg-novom-za-vrijeme-praznika-mimoze-popunjeni-80-do-100-posto\/"},"modified":"2026-02-28T10:47:00","modified_gmt":"2026-02-28T09:47:00","slug":"banicevic-hoteli-u-herceg-novom-za-vrijeme-praznika-mimoze-popunjeni-80-do-100-posto","status":"publish","type":"post","link":"https:\/\/gradski.me\/en\/ekonomija\/banicevic-hoteli-u-herceg-novom-za-vrijeme-praznika-mimoze-popunjeni-80-do-100-posto\/","title":{"rendered":"Bani\u0107evi\u0107: Hoteli u Herceg Novom za vrijeme Praznika mimoze popunjeni 80 do 100 posto"},"content":{"rendered":"<p><\/p>\n\n\n\n<p>\u201eNajve\u0107i broj turista u Herceg Novom je iz regiona, kako iz Srbije, tako iz Bosne i Hercegovine i ostalih dr\u017eava na\u0161eg regiona. Zaista nam je zna\u010dajno da se prezentujemo na ovom sajmu. Svake godine imamo sve ve\u0107u posje\u0107enost, a Sajam doprinosi tome kao dobra promocija Herceg Novog,\u201c istakla je <strong>Darija Bani\u0107evi\u0107<\/strong> v.d. direktorke Turisti\u010dke organizacije Herceg Novi.<\/p>\n\n\n\n<p>TO Herceg Novi i ovom prilikom stavlja fokus na nadaleko poznat Praznik mimoze koji i u zimskim mjesecima privla\u010di veliki broj turista u Herceg Novi.<\/p>\n\n\n\n<p>\u201eOvogodi\u0161nje izdanje Praznika mimoze po\u010delo je 13. februara i traje do 28 februara. Posje\u0107enost je do sada bila sjajna. O\u010dekujemo da \u0107e i u zavr\u0161noj sedmici Praznika mimoze dosta gostiju iz regiona do\u0107i kod nas. O\u010dekuju nas sjajan program i dobra zabava. 28. februara zatvaramo Praznik mimoze spaljivanjem Karnevala kao glavnog krivca za sve neda\u0107e koje su zadesile Herceg Novi prethodne godine. Istog dana nas o\u010dekuje i koncert Aca Pejovi\u0107a,\u201c saop\u0161tila je Bani\u0107evi\u0107.<\/p>\n\n\n\n<p>Bogat i raznovrstan program Praznika mimoze doprinosi dobroj popunjenosti smje\u0161tajnih kapaciteta u Herceg Novom.<\/p>\n\n\n\n<p>\u201eSmje\u0161tajni kapaciteti su od Nove godine, pa do sada dobro popunjeni. Hoteli su mahom bili popunjeni 80 do 100 posto za vrijeme trajanja Praznika mimoze,\u201c navela je Bani\u0107evi\u0107.<\/p>\n\n\n\n<p>Turisti\u010dka organizacija Herceg Novi radi i na pripremi za glavnu, ljetnju turisti\u010dku sezonu.<\/p>\n\n\n\n<p>\u201eSpremili smo mnogobrojne projekte, promovi\u0161emo zale\u0111e, planinu Orjen, poluostrvo Lu\u0161tica. Kao i svake godine, bi\u0107e festivala, sunca, mora i prelijepog u\u017eivanja u Herceg Novom,\u201c kazala je v.d. direktorke TO Herceg Novi.<\/p>","protected":false},"excerpt":{"rendered":"<p>Turisti\u010dka organizacija Herceg Novi je i ove godine u\u010destvovala na Sajmu turizma u Beogradu, te tako promovisala svoju kvalitetnu ponudu na tr\u017ei\u0161tu Srbije.<\/p>","protected":false},"author":4,"featured_media":906822,"comment_status":"open","ping_status":"open","sticky":false,"template":"","format":"standard","meta":{"_acf_changed":false,"footnotes":"","jetpack_publicize_message":"","jetpack_publicize_feature_enabled":true,"jetpack_social_post_already_shared":false,"jetpack_social_options":{"image_generator_settings":{"template":"highway","default_image_id":0,"font":"","enabled":false},"version":2}},"categories":[8],"tags":[12228,16866,19651,6916],"naslovna":[],"class_list":["post-906821","post","type-post","status-publish","format-standard","has-post-thumbnail","hentry","category-ekonomija","tag-darija-banicevic","tag-praznik-mimoze","tag-sajam-turizma-u-beogradu","tag-to-herceg-novi"],"acf":[],"jetpack_publicize_connections":[],"_links":{"self":[{"href":"https:\/\/gradski.me\/en\/wp-json\/wp\/v2\/posts\/906821","targetHints":{"allow":["GET"]}}],"collection":[{"href":"https:\/\/gradski.me\/en\/wp-json\/wp\/v2\/posts"}],"about":[{"href":"https:\/\/gradski.me\/en\/wp-json\/wp\/v2\/types\/post"}],"author":[{"embeddable":true,"href":"https:\/\/gradski.me\/en\/wp-json\/wp\/v2\/users\/4"}],"replies":[{"embeddable":true,"href":"https:\/\/gradski.me\/en\/wp-json\/wp\/v2\/comments?post=906821"}],"version-history":[{"count":1,"href":"https:\/\/gradski.me\/en\/wp-json\/wp\/v2\/posts\/906821\/revisions"}],"predecessor-version":[{"id":910490,"href":"https:\/\/gradski.me\/en\/wp-json\/wp\/v2\/posts\/906821\/revisions\/910490"}],"wp:featuredmedia":[{"embeddable":true,"href":"https:\/\/gradski.me\/en\/wp-json\/wp\/v2\/media\/906822"}],"wp:attachment":[{"href":"https:\/\/gradski.me\/en\/wp-json\/wp\/v2\/media?parent=906821"}],"wp:term":[{"taxonomy":"category","embeddable":true,"href":"https:\/\/gradski.me\/en\/wp-json\/wp\/v2\/categories?post=906821"},{"taxonomy":"post_tag","embeddable":true,"href":"https:\/\/gradski.me\/en\/wp-json\/wp\/v2\/tags?post=906821"},{"taxonomy":"naslovna","embeddable":true,"href":"https:\/\/gradski.me\/en\/wp-json\/wp\/v2\/naslovna?post=906821"}],"curies":[{"name":"wp","href":"https:\/\/api.w.org\/{rel}","templated":true}]}}