{"id":906751,"date":"2026-02-21T18:33:00","date_gmt":"2026-02-21T17:33:00","guid":{"rendered":"https:\/\/new.gradski.me\/uncategorized\/video-rabrenovic-crna-gora-mora-ulagati-u-domaca-izvorista-vode-nedovoljno-iskorisceni-potencijali-fabrika\/"},"modified":"2026-02-28T10:46:44","modified_gmt":"2026-02-28T09:46:44","slug":"video-rabrenovic-crna-gora-mora-ulagati-u-domaca-izvorista-vode-nedovoljno-iskorisceni-potencijali-fabrika","status":"publish","type":"post","link":"https:\/\/gradski.me\/en\/ekonomija\/video-rabrenovic-crna-gora-mora-ulagati-u-domaca-izvorista-vode-nedovoljno-iskorisceni-potencijali-fabrika\/","title":{"rendered":"(VIDEO) Rabrenovi\u0107: Crna Gora mora ulagati u doma\u0107a izvori\u0161ta vode, nedovoljno iskori\u0161\u0107eni potencijali fabrika"},"content":{"rendered":"<p><\/p>\n\n\n\n<p>Kap po kap, izvozi se voda iz Crne Gore, a galonima se uvozi. Iako dr\u017eava raspola\u017ee velikim vodnim bogatstvom i, prema podacima me\u0111unarodne Organizacije za ekonomiju i razvoj, koli\u010dina vode po stanovniku spada me\u0111u najve\u0107e u Evropi, na tr\u017ei\u0161tu i dalje dominira uvozna fla\u0161irana voda. Jovan Rabrenovi\u0107 iz Instituta ekonomskih nauka kazao je da se ne koristi pun potencijal fabrika.<\/p>\n\n\n\n<p>&#8222;Zanimljivo je da imamo sedam fabrika izvorske vode koja se fla\u0161ira, a koje proizvode negdje oko 30 miliona litara vode. Kapacitet je prema koncesijama 350 miliona, zna\u010di oni proizvode nekih od 7 do 15 procenata ukupnih mogu\u0107nosti vode&#8220;, kazao je Rabrenovi\u0107<\/p>\n\n\n\n<p>Podsje\u0107a da je u 2023. godini uvezeno 15 miliona eura fla\u0161irane vode, a izvezeno samo pola miliona eura, \u0161to predstavlja odnos 30:1.<\/p>\n\n\n\n<p>&#8222;To je zaista pora\u017eavaju\u0107a situacija u tom segmentu, cijela proizvodnja, odnosno prodaja koju su fabrike ostvarile je 12,5 miliona eura, a profit koji su ostvarili te firme je 90 ili 100 hiljada, a u cijeloj toj industriji koji rade na preradi vode imamo zaposlenih samo 150 ljudi&#8220;, obja\u0161njava Rabrenovi\u0107.<\/p>\n\n\n\n<p>Isti\u010de da problem predstavlja nedovoljno ulaganje u fabrike vode.<\/p>\n\n\n\n<p>&#8222;Mala su ulaganja, uvozimo vodu tokom cijele godine, a zato slabo proizvodimo, fla\u0161iramo samo u odre\u0111enom periodu godine, dakle ne fla\u0161ira se tokom svih 12 mjeseci, radi fabrika 2-3 mjeseca, stvaraju se zalihe, dok se one ne prodaju, fabrike ne rade&#8220;, kazao je na\u0161 sagovornik.<\/p>\n\n\n\n<p>Rabrenovi\u0107 isti\u010de da rje\u0161enje nije u ve\u0107em uvozu, ve\u0107 u ulaganju u doma\u0107a izvori\u0161ta, bolju za\u0161titu vode i razvoj proizvodnje. Crna Gora, dakle, ne uvozi vodu jer je nema, ve\u0107 zato \u0161to jo\u0161 ne koristi u potpunosti svoje prirodno bogatstvo.<\/p>\n\n\n\n<figure class=\"wp-block-embed is-type-video is-provider-youtube wp-block-embed-youtube wp-embed-aspect-16-9 wp-has-aspect-ratio\"><div class=\"wp-block-embed__wrapper\">\n<iframe title=\"Rabrenovi\u0107: CG mora ulagati u doma\u0107a izvori\u0161ta vode, nedovoljno iskori\u0161\u0107eni potencijali fabrika\" width=\"800\" height=\"450\" src=\"https:\/\/www.youtube.com\/embed\/tJUfxKi5_2E?feature=oembed\" frameborder=\"0\" allow=\"accelerometer; autoplay; clipboard-write; encrypted-media; gyroscope; picture-in-picture; web-share\" referrerpolicy=\"strict-origin-when-cross-origin\" allowfullscreen><\/iframe>\n<\/div><\/figure>","protected":false},"excerpt":{"rendered":"<p>Crna Gora va\u017ei za jednu od vodom najbogatijih zemalja u Evropi, ali uprkos tome, svake godine uvozimo milione eura fla\u0161irane vode. Jovan Rabrenovi\u0107 iz Instituta ekonomskih nauka ocjenjuje da rje\u0161enje vidi u ve\u0107em ulaganju u doma\u0107a izvori\u0161ta, kao i boljoj za\u0161titi vode i razvoju proizvodnje.<\/p>","protected":false},"author":4,"featured_media":906752,"comment_status":"open","ping_status":"open","sticky":false,"template":"","format":"standard","meta":{"_acf_changed":false,"footnotes":"","jetpack_publicize_message":"","jetpack_publicize_feature_enabled":true,"jetpack_social_post_already_shared":false,"jetpack_social_options":{"image_generator_settings":{"template":"highway","default_image_id":0,"font":"","enabled":false},"version":2}},"categories":[8],"tags":[19652,17567],"naslovna":[],"class_list":["post-906751","post","type-post","status-publish","format-standard","has-post-thumbnail","hentry","category-ekonomija","tag-domaca-izvorista","tag-jovan-rabrenovic"],"acf":[],"jetpack_publicize_connections":[],"_links":{"self":[{"href":"https:\/\/gradski.me\/en\/wp-json\/wp\/v2\/posts\/906751","targetHints":{"allow":["GET"]}}],"collection":[{"href":"https:\/\/gradski.me\/en\/wp-json\/wp\/v2\/posts"}],"about":[{"href":"https:\/\/gradski.me\/en\/wp-json\/wp\/v2\/types\/post"}],"author":[{"embeddable":true,"href":"https:\/\/gradski.me\/en\/wp-json\/wp\/v2\/users\/4"}],"replies":[{"embeddable":true,"href":"https:\/\/gradski.me\/en\/wp-json\/wp\/v2\/comments?post=906751"}],"version-history":[{"count":1,"href":"https:\/\/gradski.me\/en\/wp-json\/wp\/v2\/posts\/906751\/revisions"}],"predecessor-version":[{"id":910445,"href":"https:\/\/gradski.me\/en\/wp-json\/wp\/v2\/posts\/906751\/revisions\/910445"}],"wp:featuredmedia":[{"embeddable":true,"href":"https:\/\/gradski.me\/en\/wp-json\/wp\/v2\/media\/906752"}],"wp:attachment":[{"href":"https:\/\/gradski.me\/en\/wp-json\/wp\/v2\/media?parent=906751"}],"wp:term":[{"taxonomy":"category","embeddable":true,"href":"https:\/\/gradski.me\/en\/wp-json\/wp\/v2\/categories?post=906751"},{"taxonomy":"post_tag","embeddable":true,"href":"https:\/\/gradski.me\/en\/wp-json\/wp\/v2\/tags?post=906751"},{"taxonomy":"naslovna","embeddable":true,"href":"https:\/\/gradski.me\/en\/wp-json\/wp\/v2\/naslovna?post=906751"}],"curies":[{"name":"wp","href":"https:\/\/api.w.org\/{rel}","templated":true}]}}