{"id":906731,"date":"2026-02-21T16:10:00","date_gmt":"2026-02-21T15:10:00","guid":{"rendered":"https:\/\/new.gradski.me\/uncategorized\/komo-bez-paza-produbio-krizu-juventusa-adzicu-minuti-poslije-skoro-mjesec-dana\/"},"modified":"2026-02-28T10:46:40","modified_gmt":"2026-02-28T09:46:40","slug":"komo-bez-paza-produbio-krizu-juventusa-adzicu-minuti-poslije-skoro-mjesec-dana","status":"publish","type":"post","link":"https:\/\/gradski.me\/en\/sport\/komo-bez-paza-produbio-krizu-juventusa-adzicu-minuti-poslije-skoro-mjesec-dana\/","title":{"rendered":"Como deepens Juventus crisis without Paz, Adzic gets a minute after almost a month"},"content":{"rendered":"<p>Nakon debakla od Galatasaraja u prvom me\u010du plej-ofa Lige \u0161ampiona &#8222;stara dama&#8220; je u jednom od derbija 26. runde Serije A pora\u017eena pred svojim navija\u010dima od Koma (2:0). Fabregasov tim je tako drugi put ove sezone nadigrao &#8222;bjankonere&#8220; (danas bez Nika Paza), a prvi put u Torino poslije 72 godine. <\/p>\n\n\n\n<p>Gosti su poveli ve\u0107 u 11. minutu preko reprezentativca Kosova, Mergima Vojvode. <\/p>\n\n\n\n<p>Kona\u010dan rezultat postavio je u Maksens Kakrea u 61. minutu nakon centar\u0161uta Lukasa Da Kunje. <\/p>\n\n\n\n<p>Crnogorski reprezentativac Vasilije Ad\u017ei\u0107 u\u0161ao je u 83. minutu umjesto Kenana Jildiza, a prakti\u010dno minut kasnije imao je dobru priliku, ali njegov udarac zaustavio je golman \u017dan Butez. Za crnogorskog bisera ovo su prvi minuti nakon \u0161to je prethodnih pet me\u010deva posmatrao sa klupe. <\/p>\n\n\n\n<p>Juve je peti sa 46, Komo \u0161esti sa bodom manje. <\/p>","protected":false},"excerpt":{"rendered":"<p>Krizi Juventusa ne nazire se kraj &#8211; italijanski velikan je pretrpio tre\u0107i uzastopni poraz, \u010detvrti u prethodnih pet me\u010deva ra\u010dunaju\u0107i sva takmi\u010denja.<\/p>","protected":false},"author":7,"featured_media":906732,"comment_status":"open","ping_status":"open","sticky":false,"template":"","format":"standard","meta":{"_acf_changed":false,"footnotes":"","jetpack_publicize_message":"","jetpack_publicize_feature_enabled":true,"jetpack_social_post_already_shared":false,"jetpack_social_options":{"image_generator_settings":{"template":"highway","default_image_id":0,"font":"","enabled":false},"version":2}},"categories":[15],"tags":[2565,1448,3756,2566],"naslovna":[],"class_list":["post-906731","post","type-post","status-publish","format-standard","has-post-thumbnail","hentry","category-sport","tag-juventus","tag-komo","tag-serije-a","tag-vasilije-adzic"],"acf":[],"jetpack_publicize_connections":[],"_links":{"self":[{"href":"https:\/\/gradski.me\/en\/wp-json\/wp\/v2\/posts\/906731","targetHints":{"allow":["GET"]}}],"collection":[{"href":"https:\/\/gradski.me\/en\/wp-json\/wp\/v2\/posts"}],"about":[{"href":"https:\/\/gradski.me\/en\/wp-json\/wp\/v2\/types\/post"}],"author":[{"embeddable":true,"href":"https:\/\/gradski.me\/en\/wp-json\/wp\/v2\/users\/7"}],"replies":[{"embeddable":true,"href":"https:\/\/gradski.me\/en\/wp-json\/wp\/v2\/comments?post=906731"}],"version-history":[{"count":1,"href":"https:\/\/gradski.me\/en\/wp-json\/wp\/v2\/posts\/906731\/revisions"}],"predecessor-version":[{"id":910434,"href":"https:\/\/gradski.me\/en\/wp-json\/wp\/v2\/posts\/906731\/revisions\/910434"}],"wp:featuredmedia":[{"embeddable":true,"href":"https:\/\/gradski.me\/en\/wp-json\/wp\/v2\/media\/906732"}],"wp:attachment":[{"href":"https:\/\/gradski.me\/en\/wp-json\/wp\/v2\/media?parent=906731"}],"wp:term":[{"taxonomy":"category","embeddable":true,"href":"https:\/\/gradski.me\/en\/wp-json\/wp\/v2\/categories?post=906731"},{"taxonomy":"post_tag","embeddable":true,"href":"https:\/\/gradski.me\/en\/wp-json\/wp\/v2\/tags?post=906731"},{"taxonomy":"naslovna","embeddable":true,"href":"https:\/\/gradski.me\/en\/wp-json\/wp\/v2\/naslovna?post=906731"}],"curies":[{"name":"wp","href":"https:\/\/api.w.org\/{rel}","templated":true}]}}