{"id":906716,"date":"2026-02-21T14:58:00","date_gmt":"2026-02-21T13:58:00","guid":{"rendered":"https:\/\/new.gradski.me\/uncategorized\/asp-budzetska-inspekcija-se-ne-bavi-ugovorima-o-djelu\/"},"modified":"2026-02-28T10:46:37","modified_gmt":"2026-02-28T09:46:37","slug":"asp-budzetska-inspekcija-se-ne-bavi-ugovorima-o-djelu","status":"publish","type":"post","link":"https:\/\/gradski.me\/en\/ekonomija\/asp-budzetska-inspekcija-se-ne-bavi-ugovorima-o-djelu\/","title":{"rendered":"ASP: Bud\u017eetska inspekcija se ne bavi ugovorima o djelu"},"content":{"rendered":"<p><\/p>\n\n\n\n<p>ASP je krajem pro\u0161le godine uputila Bud\u017eetskoj inspekciji inicijativu da se provjere navodi zvi\u017eda\u010da, koji je prijavio da je na Elektrotehni\u010dkom fakultetu, Biotehni\u010dkom fakultetu i Arhitektonskom fakultetu zaklju\u010den ve\u0107i broj ugovora o djelu.<\/p>\n\n\n\n<p>&#8222;Bud\u017eetska inpekcija je odbila inicijativu zbog nenadle\u017enosti i pozivaju\u0107i se na Zakon o zaradama zaposlenih u javnom sektoru, gdje je citiran \u010dlan o zaposlenima. U obrazlo\u017eenju je tako citirano da su zaposleni oni u dr\u017eavnom sektoru, odnosno dr\u017eavnim organima, organu dr\u017eavne uprave, sudu, dr\u017eavnom tu\u017eila\u0161tvu, fondu ili drugom organu, i lokalnom sektoru, odnosno organu lokalne uprave i organu i slu\u017ebi lokalne samouprave. Zatim su to zaposleni u nezavisnom ili regulatornom tijelu, u ustanovi \u010diji je osniva\u010d dr\u017eava ili lokalna samouprava, zatim u agenciji, privrednom dru\u0161tvu u ve\u0107inskom vlasni\u0161tvu dr\u017eave ili lokalne samouprave ili pravnom licu \u010diji je osniva\u010d dr\u017eava ili lokalna samouprava ili vr\u0161i javna ovla\u0161\u0107ena, kao i lice u Vojsci Crne Gore i policijski slu\u017ebenik&#8220;, navode iz Akcije za socijalnu pravdu.<\/p>\n\n\n\n<p>Oni su dali na uvid odgovor inspektora.<\/p>\n\n\n\n<p>\u201eShodno navedenom, anga\u017eovani po osnovu ugovora o djelu se ne mogu smatrati zaposlenim u skladu sa Zakonom o zaradama zaposlenih u javnom sektoru, nad \u010dijom primjenom nadzor vr\u0161i bud\u017eetski inspektor, te proizilazi da bud\u017eetska inspekcija nije nadle\u017ena za postupanje iu konkretnoj pravnoj stvari\u201c, naveo je njen inspektor.<\/p>\n\n\n\n<p>Bud\u017eetom za ovu godinu tro\u0161ak za isplatu ugovora o djelu projektovan je na nivou centralne administracije od nepunih 16 miliona. U januaru ove godine ispla\u0107eno je oko 430 hiljada eura.<\/p>\n\n\n\n<p>&#8222;Ova vrsta anga\u017eovanja predstavlja u velikom broju slu\u010dajeva nezakonita zapo\u0161ljavanja, jer anga\u017eovana lica prakti\u010dno rade redovne poslove. Praksu su uvele vlade Demokratske partije socijalista, a nastavile sve ostale&#8220;, kazali su iz ASP.<\/p>\n\n\n\n<p>U odvojenoj inicijativi ASP-a Bud\u017eetskoj inspekciji o potro\u0161nji za konsultantske ugovore pro\u0161le godine u ve\u0107em dijelu ministarstava (gdje se u dijelu slu\u010dajeva tako\u0111e mo\u017ee govoriti o \u201eprikrivenim\u201c zapo\u0161ljavanjima), odgovoreno je da \u0107e inspekcija preduzeti nadle\u017enosti. Me\u0111utim, iz odgovora je nejasno da li \u0107e prihvatiti ili odbiti nadle\u017enost.<\/p>\n\n\n\n<p>&#8222;Za tro\u0161ak konsultantskih usluga, projekata i studija Bud\u017eetom je za ovu godinu opredijeljeno 50,6 miliona eura&#8220;, ka\u017eu iz ASP.<\/p>","protected":false},"excerpt":{"rendered":"<p>Bud\u017eetska inspekcija se ne bavi izdvajanjima iz dr\u017eavnog trezora za tro\u0161ak ugovora o djelu, jer to nije njena nadle\u017enost, po\u0161to se anga\u017eovani na osnovu ugovora o djelu ne mogu smatrati zaposlenima u javnom sektoru, saop\u0161teno je u jednom odgovoru dostavljenom Akciji za socijalnu pravdu (ASP), a po inicijativi upu\u0107enoj po sos prijavi.<\/p>","protected":false},"author":4,"featured_media":898176,"comment_status":"open","ping_status":"open","sticky":false,"template":"","format":"standard","meta":{"_acf_changed":false,"footnotes":"","jetpack_publicize_message":"","jetpack_publicize_feature_enabled":true,"jetpack_social_post_already_shared":false,"jetpack_social_options":{"image_generator_settings":{"template":"highway","default_image_id":0,"font":"","enabled":false},"version":2}},"categories":[8],"tags":[4517,15770],"naslovna":[],"class_list":["post-906716","post","type-post","status-publish","format-standard","has-post-thumbnail","hentry","category-ekonomija","tag-akcija-za-socijalnu-pravdu","tag-ugovori-o-djelu"],"acf":[],"jetpack_publicize_connections":[],"_links":{"self":[{"href":"https:\/\/gradski.me\/en\/wp-json\/wp\/v2\/posts\/906716","targetHints":{"allow":["GET"]}}],"collection":[{"href":"https:\/\/gradski.me\/en\/wp-json\/wp\/v2\/posts"}],"about":[{"href":"https:\/\/gradski.me\/en\/wp-json\/wp\/v2\/types\/post"}],"author":[{"embeddable":true,"href":"https:\/\/gradski.me\/en\/wp-json\/wp\/v2\/users\/4"}],"replies":[{"embeddable":true,"href":"https:\/\/gradski.me\/en\/wp-json\/wp\/v2\/comments?post=906716"}],"version-history":[{"count":1,"href":"https:\/\/gradski.me\/en\/wp-json\/wp\/v2\/posts\/906716\/revisions"}],"predecessor-version":[{"id":910425,"href":"https:\/\/gradski.me\/en\/wp-json\/wp\/v2\/posts\/906716\/revisions\/910425"}],"wp:featuredmedia":[{"embeddable":true,"href":"https:\/\/gradski.me\/en\/wp-json\/wp\/v2\/media\/898176"}],"wp:attachment":[{"href":"https:\/\/gradski.me\/en\/wp-json\/wp\/v2\/media?parent=906716"}],"wp:term":[{"taxonomy":"category","embeddable":true,"href":"https:\/\/gradski.me\/en\/wp-json\/wp\/v2\/categories?post=906716"},{"taxonomy":"post_tag","embeddable":true,"href":"https:\/\/gradski.me\/en\/wp-json\/wp\/v2\/tags?post=906716"},{"taxonomy":"naslovna","embeddable":true,"href":"https:\/\/gradski.me\/en\/wp-json\/wp\/v2\/naslovna?post=906716"}],"curies":[{"name":"wp","href":"https:\/\/api.w.org\/{rel}","templated":true}]}}