{"id":906689,"date":"2026-02-21T12:24:00","date_gmt":"2026-02-21T11:24:00","guid":{"rendered":"https:\/\/new.gradski.me\/uncategorized\/bosnjacko-vijece-bosnjacki-narod-i-njegov-jezik-su-dio-mozaika-bogatstva-nacionalnih-i-jezickih-raznolikosti-crne-gore\/"},"modified":"2026-02-28T10:46:32","modified_gmt":"2026-02-28T09:46:32","slug":"bosnjacko-vijece-bosnjacki-narod-i-njegov-jezik-su-dio-mozaika-bogatstva-nacionalnih-i-jezickih-raznolikosti-crne-gore","status":"publish","type":"post","link":"https:\/\/gradski.me\/en\/drustvo\/bosnjacko-vijece-bosnjacki-narod-i-njegov-jezik-su-dio-mozaika-bogatstva-nacionalnih-i-jezickih-raznolikosti-crne-gore\/","title":{"rendered":"Bo\u0161nja\u010dko vije\u0107e: Bo\u0161nja\u010dki narod i njegov jezik su dio mozaika bogatstva nacionalnih i jezi\u010dkih raznolikosti Crne Gore"},"content":{"rendered":"<p><\/p>\n\n\n\n<p>,,Jezi\u010dko trajanje je svjedo\u010danstvo identiteta, kulture i opstojnosti naroda, potvrda njegovog duhovnog bi\u0107a. U jeziku je zapravo narodno sje\u0107anje, jer jezik pamti i ono \u0161to \u010desto istorija i dokumenta ne zabilje\u017ee&#8220;, navode iz Bo\u0161nja\u010dkog vije\u0107a.<\/p>\n\n\n\n<p>Isti\u010du da su Bo\u0161nja\u010dki narod i njegov jezik dio mozaika bogastva nacionalnih i jezi\u010dkih raznolikosti dana\u0161nje Crne Gore.Uprkos stoljetnjim osporavanjima Bo\u0161njaci su istrajali u o\u010duvanju svog maternjeg \u2013 bosanskog jezika. Gdje god \u017eivi, a na prostoru Crne Gore, bo\u0161nja\u010dki narod je autohton, utemeljen i svoj na svome, a njegova jezicka tradicija duboko je ukorijenjena, kao najdublja istina o njegovom identitetu.<\/p>\n\n\n\n<p>,,Od ranih notarskih knjiga grada Kotora iz 1436.godine, brojnih osmanskih deftera \u2013 izvje\u0161taja o gradovima, od 15.-og pa sve do kraja 19-og vijeka, kola\u0161inskog Mevluda na bosanskom jeziku Hafiza Ga\u0161evi\u0107a, zapisa o Staroj Podgorici iz 30-ih godina 20. vijeka, kroz istra\u017eivanja istori\u010dara, etnografa, zemljopisaca, sa stotinama dokumenata i svjedo\u010danstava \u2013 svjedo\u010di se o jezi\u010dkom kontinuitetu bo\u0161nja\u010dkog naroda I njegovog jezika i na prostorima dana\u0161nje Crne Gore&#8220;, kazali su iz Bo\u0161nja\u010dkog vije\u0107a.<\/p>\n\n\n\n<p>Prisjetimo se i sevdalinke ili veli\u010danstvene \u201cHasanaginice\u201d, koje su o\u010darale Evropu i velikane kao \u0161to su bili Gete i Pu\u0161kin. Podsjetimo se usmene epike, rapsoda Avda Me\u0111edovi\u0107a ili knji\u017eevnih gorostasa- Selimovi\u0107a, Skendera Kulenovi\u0107a, Ned\u017eada Ibri\u0161imovi\u0107a, D\u017eevada Karahasana, \u0106amila Sijari\u0107a, Huseina Ba\u0161i\u0107a i mnogih, mnogih drugih.<\/p>\n\n\n\n<p>Ipak, dodaju, najvredniji \u010duvar te tradicije sam bo\u0161nja\u010dki narod, koji je gradio i ljubomorno, do danas, o\u010duvao svoj autenti\u010dni jezicki identitet, sa svojim posebnostima. Na svim dosada\u0161njim popisima stanovni\u0161tva, i pored pritisaka i asmilacije \u2013 bo\u0161nja\u010dki narod je kazao kazao da je njegov maternji jezik bosanski &#8211; i po popisu iz 2023.godine, ukupno je oko sedam procenata gra\u0111ana u Crnoj Gori pripadnika ove jezi\u010dke zajednice.<\/p>\n\n\n\n<p>,,Ostvarivanje jezi\u010dkih prava nije ni\u010diji hir, niti politi\u010dka floskula, jer su ta pitanja u Crnoj Gori polovi\u010dno rje\u0161ena i na\u0161e insistiranje da se prava na slobodno kori\u0161tenje jezika, iz slova zakona preliju u praksu, sasvim su legitimna&#8220;, zaklju\u010duju iz Bo\u0161nja\u010dkog vije\u0107a u Crnoj Gori.<\/p>","protected":false},"excerpt":{"rendered":"<p>Bo\u0161nja\u010dko vije\u0107e u Crnoj Gori \u010destita Me\u0111unarodni dan maternjeg jezika i podsje\u0107a na va\u017enost njegovanja, o\u010duvanja i kori\u0161tenja na\u0161eg jedinstvenog jezi\u010dkog i kulturnog naslje\u0111a, saop\u0161teno je iz Bo\u0161nja\u010dkog vije\u0107a.<\/p>","protected":false},"author":4,"featured_media":906690,"comment_status":"open","ping_status":"open","sticky":false,"template":"","format":"standard","meta":{"_acf_changed":false,"footnotes":"","jetpack_publicize_message":"","jetpack_publicize_feature_enabled":true,"jetpack_social_post_already_shared":false,"jetpack_social_options":{"image_generator_settings":{"template":"highway","default_image_id":0,"font":"","enabled":false},"version":2}},"categories":[9],"tags":[19613,1653,1472,188,19614],"naslovna":[],"class_list":["post-906689","post","type-post","status-publish","format-standard","has-post-thumbnail","hentry","category-drustvo","tag-bosnjacki-jezik","tag-bosnjacki-narod","tag-bosnjacko-vijece","tag-crna-gora","tag-nacionalne-i-jezicke-raznolikosti"],"acf":[],"jetpack_publicize_connections":[],"_links":{"self":[{"href":"https:\/\/gradski.me\/en\/wp-json\/wp\/v2\/posts\/906689","targetHints":{"allow":["GET"]}}],"collection":[{"href":"https:\/\/gradski.me\/en\/wp-json\/wp\/v2\/posts"}],"about":[{"href":"https:\/\/gradski.me\/en\/wp-json\/wp\/v2\/types\/post"}],"author":[{"embeddable":true,"href":"https:\/\/gradski.me\/en\/wp-json\/wp\/v2\/users\/4"}],"replies":[{"embeddable":true,"href":"https:\/\/gradski.me\/en\/wp-json\/wp\/v2\/comments?post=906689"}],"version-history":[{"count":1,"href":"https:\/\/gradski.me\/en\/wp-json\/wp\/v2\/posts\/906689\/revisions"}],"predecessor-version":[{"id":910408,"href":"https:\/\/gradski.me\/en\/wp-json\/wp\/v2\/posts\/906689\/revisions\/910408"}],"wp:featuredmedia":[{"embeddable":true,"href":"https:\/\/gradski.me\/en\/wp-json\/wp\/v2\/media\/906690"}],"wp:attachment":[{"href":"https:\/\/gradski.me\/en\/wp-json\/wp\/v2\/media?parent=906689"}],"wp:term":[{"taxonomy":"category","embeddable":true,"href":"https:\/\/gradski.me\/en\/wp-json\/wp\/v2\/categories?post=906689"},{"taxonomy":"post_tag","embeddable":true,"href":"https:\/\/gradski.me\/en\/wp-json\/wp\/v2\/tags?post=906689"},{"taxonomy":"naslovna","embeddable":true,"href":"https:\/\/gradski.me\/en\/wp-json\/wp\/v2\/naslovna?post=906689"}],"curies":[{"name":"wp","href":"https:\/\/api.w.org\/{rel}","templated":true}]}}