{"id":906620,"date":"2026-02-20T20:44:43","date_gmt":"2026-02-20T19:44:43","guid":{"rendered":"https:\/\/new.gradski.me\/uncategorized\/humanost-na-djelu-nakon-emitovanja-priloga-tvpg-modna-komora-zeli-da-pomogne\/"},"modified":"2026-02-28T10:46:18","modified_gmt":"2026-02-28T09:46:18","slug":"humanost-na-djelu-nakon-emitovanja-priloga-tvpg-modna-komora-zeli-da-pomogne","status":"publish","type":"post","link":"https:\/\/gradski.me\/en\/podgorica\/humanost-na-djelu-nakon-emitovanja-priloga-tvpg-modna-komora-zeli-da-pomogne\/","title":{"rendered":"Humanost na djelu: Nakon emitovanja priloga TVPG, Modna komora \u017eeli da pomogne"},"content":{"rendered":"<p><\/p>\n\n\n\n<p>Podsjetimo, Anela Stanimirovi\u0107 je majka dvoje srednjo\u0161kolaca, koja, uprkos ogromnoj borbi i odricanjima, jedva uspijeva da obezbijedi osnovne uslove za \u017eivot. Porodica pre\u017eivljava od socijalnih primanja, a najve\u0107a briga ove majke jeste kako da svojoj djeci omogu\u0107i dostojanstveno \u0161kolovanje, budu\u0107i da zbog te\u0161kog zdravstvenog stanja nije u stanju da radi.<\/p>\n\n\n\n<p>Direktor Modne komore Crne Gore, Sr\u0111a Lubarda, u razgovoru je istakao da ga je pri\u010da duboko dirnula, te da je prepoznao potrebu da reaguje.<\/p>\n\n\n\n<p>Samohrana majka je, u izjavi za TV Podgorica, kroz suze kazala da nema novca da, pored brojnih drugih zdravstvenih i egzistencionalnih problema, sinu obilje\u017ei osamnaesti ro\u0111endan.<\/p>\n\n\n\n<p>Modna komora Crne Gore donira\u0107e odijelo za Anelinog sina, a bi\u0107e pokriveni i odre\u0111eni tro\u0161kovi, kao i sve \u0161to je potrebno kako bi va\u017ean \u017eivotni trenutak do\u010dekao dostojanstveno i bez tereta brige, kazao je Sr\u0111a Lubarda.<\/p>\n\n\n\n<p>Ovaj gest pokazuje da humanost nije samo rije\u010d, ve\u0107 djelo. Jedna televizijska pri\u010da pokrenula je empatiju i solidarnost, te, podsjetila da su to vrijednosti koje i dalje \u017eive.<\/p>\n\n\n\n<p>Humanost na djelu, Sr\u0111e Lubarde, odnosno Modne komore Crne Gore, jo\u0161 jednom je dokazala da jedna inicijativa mo\u017ee napraviti veliku razliku.<\/p>\n\n\n\n<figure class=\"wp-block-embed is-type-video is-provider-youtube wp-block-embed-youtube wp-embed-aspect-16-9 wp-has-aspect-ratio\"><div class=\"wp-block-embed__wrapper\">\n<iframe title=\"Dan socijalne pravde: Samohrana majka Anela Stanimirovi\u0107 vodi svakodnevnu borbu: za hljeb i ra\u010dune\" width=\"800\" height=\"450\" src=\"https:\/\/www.youtube.com\/embed\/CK03tu9Jk5s?feature=oembed\" frameborder=\"0\" allow=\"accelerometer; autoplay; clipboard-write; encrypted-media; gyroscope; picture-in-picture; web-share\" referrerpolicy=\"strict-origin-when-cross-origin\" allowfullscreen><\/iframe>\n<\/div><\/figure>","protected":false},"excerpt":{"rendered":"<p>Nakon \u0161to je na RTVPG emitovan prilog o te\u0161koj \u017eivotnoj situaciji samohrane majke Anele Stanimirovi\u0107, na broj televizije stigao je poziv solidarnosti, a humanost je vrlo brzo dobila i svoje konkretno lice. Sr\u0111a Lubarda, direktor nacionalne Modne komore pozvao je na\u0161u televiziju izraziv\u0161i \u017eelju da pomogne.<\/p>","protected":false},"author":4,"featured_media":906621,"comment_status":"open","ping_status":"open","sticky":false,"template":"","format":"standard","meta":{"_acf_changed":false,"footnotes":"","jetpack_publicize_message":"","jetpack_publicize_feature_enabled":true,"jetpack_social_post_already_shared":false,"jetpack_social_options":{"image_generator_settings":{"template":"highway","default_image_id":0,"font":"","enabled":false},"version":2}},"categories":[6],"tags":[4856,19549,12018,19550],"naslovna":[],"class_list":["post-906620","post","type-post","status-publish","format-standard","has-post-thumbnail","hentry","category-podgorica","tag-humanost","tag-modna-komora","tag-prilog","tag-tvpg"],"acf":[],"jetpack_publicize_connections":[],"_links":{"self":[{"href":"https:\/\/gradski.me\/en\/wp-json\/wp\/v2\/posts\/906620","targetHints":{"allow":["GET"]}}],"collection":[{"href":"https:\/\/gradski.me\/en\/wp-json\/wp\/v2\/posts"}],"about":[{"href":"https:\/\/gradski.me\/en\/wp-json\/wp\/v2\/types\/post"}],"author":[{"embeddable":true,"href":"https:\/\/gradski.me\/en\/wp-json\/wp\/v2\/users\/4"}],"replies":[{"embeddable":true,"href":"https:\/\/gradski.me\/en\/wp-json\/wp\/v2\/comments?post=906620"}],"version-history":[{"count":1,"href":"https:\/\/gradski.me\/en\/wp-json\/wp\/v2\/posts\/906620\/revisions"}],"predecessor-version":[{"id":910369,"href":"https:\/\/gradski.me\/en\/wp-json\/wp\/v2\/posts\/906620\/revisions\/910369"}],"wp:featuredmedia":[{"embeddable":true,"href":"https:\/\/gradski.me\/en\/wp-json\/wp\/v2\/media\/906621"}],"wp:attachment":[{"href":"https:\/\/gradski.me\/en\/wp-json\/wp\/v2\/media?parent=906620"}],"wp:term":[{"taxonomy":"category","embeddable":true,"href":"https:\/\/gradski.me\/en\/wp-json\/wp\/v2\/categories?post=906620"},{"taxonomy":"post_tag","embeddable":true,"href":"https:\/\/gradski.me\/en\/wp-json\/wp\/v2\/tags?post=906620"},{"taxonomy":"naslovna","embeddable":true,"href":"https:\/\/gradski.me\/en\/wp-json\/wp\/v2\/naslovna?post=906620"}],"curies":[{"name":"wp","href":"https:\/\/api.w.org\/{rel}","templated":true}]}}