{"id":906589,"date":"2026-02-20T18:39:00","date_gmt":"2026-02-20T17:39:00","guid":{"rendered":"https:\/\/new.gradski.me\/uncategorized\/video-samohrana-majka-anela-stanimirovic-vodi-svakodnevnu-borbu-sa-265-eura-podize-djecu-a-mora-da-se-lijeci\/"},"modified":"2026-02-28T10:46:11","modified_gmt":"2026-02-28T09:46:11","slug":"video-samohrana-majka-anela-stanimirovic-vodi-svakodnevnu-borbu-sa-265-eura-podize-djecu-a-mora-da-se-lijeci","status":"publish","type":"post","link":"https:\/\/gradski.me\/en\/drustvo\/video-samohrana-majka-anela-stanimirovic-vodi-svakodnevnu-borbu-sa-265-eura-podize-djecu-a-mora-da-se-lijeci\/","title":{"rendered":"(VIDEO) Samohrana majka Anela Stanimirovi\u0107 vodi svakodnevnu borbu: Sa 265 eura podi\u017ee djecu, a mora da se lije\u010di"},"content":{"rendered":"<p><\/p>\n\n\n\n<p>&#8222;Sad mi sin puni 18 godina, sad prvog maja i sad pita majko &#8211; &#8216;o\u0107u li ja da slavim? Kako da slavimo od 180 eura sutra? &#8216;O\u0107e dijete da ima ka&#8217; i svako drugo&#8220;, konstatuje za RTV Podgorica Stanimirovi\u0107.<\/p>\n\n\n\n<p>Stanimirovi\u0107 pita ko mo\u017ee danas da pre\u017eivi sa 265 eura sa dva srednjo\u0161kolca? <\/p>\n\n\n\n<p>,,Ukupna primanja sa &#8222;dostojanstvenim&#8220; pove\u0107anjem po\u0161to sam bila u Brezoviku stotinu petnaest dana od plu\u0107a 370 sa tu\u0111om njegom, socijalnim, materijalnim, dje\u010dijim, sve ukupno do 20. aprila, kada se ukida tu\u0111a njega, jer je odobrena na godinu dana i kada mi sin postaje punoljetan. Osta\u0107e 180 eura, a mo\u017eda ne ni toliko&#8220;, nagla\u0161ava Stanimirovi\u0107.&nbsp;<\/p>\n\n\n\n<p>Arnela je, dok je slu\u017eilo zdravlje, aktivno obavljala te\u0161ke fizi\u010dke poslove, pa je, uspjela da od svoga rada, ali i uz pomo\u0107 humanitarnih akcija, izgradi ku\u0107u u kojoj sada \u017eivi. No, prije \u010detiri godine iznenada se razboljela.<\/p>\n\n\n\n<p>&#8222;Prvo je oti\u0161ao vid, pa sluh, pa sa neurolo\u0161ke strane ki\u010dmeni stub, pa sam od te\u0161ke tuberkoloze zavr\u0161ila u Brezovik, najja\u010deg tipa. Ne smijem da radim ni sa hemijom, ni fizi\u010dke poslove. Ne \u010dujem.&#8220; &#8222;Ne smijem da zamaram plu\u0107a. Opet \u0107u pokrenuti infekciju i oti\u0107i u Brezovik. Doktorica ka\u017ee, ako odete jo\u0161 jednom, plu\u0107a vi\u0161e nema, isti\u010de Stanimirovi\u0107.<\/p>\n\n\n\n<p>Tro\u0161kovi lije\u010denja su ogromni, termina za preglede nema, pa je prinu\u0111ena da se lije\u010di u privatnim ustanovama, \u017eali se Arnela. Upitana kako pre\u017eivljava mjesec, ka\u017ee:<\/p>\n\n\n\n<p>\u201cBra\u0107a mi pla\u0107aju struju i vodu, a to \u0161to nam ostane od socijalnog za hranu. Djeci za u\u017einu. I oni mi poma\u017eu.\u201d<\/p>\n\n\n\n<p>Prva joj je, prisje\u0107a se, u pomo\u0107 pritekla <strong>Marina Medojevic<\/strong>, a prije bolni\u010dkog lije\u010denja, dobila je jednokratnu pomoc od Glavnog grada od stotinu eura. Te\u0161ko je, ka\u017ee sa suzama u o\u010dima, pa bi, svaka pomo\u0107, dobro do\u0161la.<\/p>\n\n\n\n<p>&#8222;Voljela bih samo da mi obezbijede slu\u0161ni aparat. Dobila sam jedan kad sam gostovala na nekoj tv od neke gospo\u0111e, ali nije odgovaraju\u0107i, ne \u010dujem ponekad ni\u0161ta. A kad sam izgubila zdravlje, ne treba mi vi\u0161e ni\u0161ta.\u201d<\/p>\n\n\n\n<p>A donosiocima odluka, na Dan socijalne pravde poru\u010duje:<\/p>\n\n\n\n<p>&#8222;Neka malo vi\u0161e povedu ra\u010duna o narodu. Neka malo pro\u0161eta socijalno da vidi ko sve, kako i \u0161ta prima. Nevezano za moj slu\u010d\u0323aj, nego ima sve gore od gorega \u0161to se ka\u017ee&#8220;, isti\u010de Stanimirovi\u0107.<\/p>\n\n\n\n<p>Pri\u010da o borbi Anele Stanimirovi\u0107 upravo na Dan socijalne pravde nije statistika. Nije broj. Ako danas govorimo o pravdi, onda ta pravda mora pogledati u o\u010di onima koji je nikada nijesu osjetili.\u00a0 Odlazimo iz doma Anele Stanimirovi\u0107, vjeruju\u0107i da \u0107emo ovu borbenu majku slede\u0107i put zate\u0107i u boljem raspolo\u017eenju, sa manje brige, u neko bolje sjutra.<\/p>\n\n\n\n<figure class=\"wp-block-embed is-type-video is-provider-youtube wp-block-embed-youtube wp-embed-aspect-16-9 wp-has-aspect-ratio\"><div class=\"wp-block-embed__wrapper\">\n<iframe title=\"Dan socijalne pravde: Samohrana majka Anela Stanimirovi\u0107 vodi svakodnevnu borbu: za hljeb i ra\u010dune\" width=\"800\" height=\"450\" src=\"https:\/\/www.youtube.com\/embed\/CK03tu9Jk5s?feature=oembed\" frameborder=\"0\" allow=\"accelerometer; autoplay; clipboard-write; encrypted-media; gyroscope; picture-in-picture; web-share\" referrerpolicy=\"strict-origin-when-cross-origin\" allowfullscreen><\/iframe>\n<\/div><\/figure>\n\n\n\n<p><\/p>","protected":false},"excerpt":{"rendered":"<p>Dok svijet danas obilje\u017eava Dan socijalne pravde, u skromnom domu samohrane majke Anele Stanimirovi\u0107 vodi se tiha, svakodnevna borba: za hljeb, ra\u010dune, budu\u0107nost. Ona je majka. Stub porodice. Zdravlje je izdalo, ali, pri\u010da nam, nije imala pravo da odustane. Dva srednjo\u0161kolca gledaju u nju kao u sigurnost, a ona, iako zbog naru\u0161enog zdravlja nije sposobna za rad, poku\u0161ava da im pomogne, iako socijalna pomo\u0107 koju dobija nije dovoljna ni za osnovne potrebe.<\/p>","protected":false},"author":4,"featured_media":906590,"comment_status":"open","ping_status":"open","sticky":false,"template":"","format":"standard","meta":{"_acf_changed":false,"footnotes":"","jetpack_publicize_message":"","jetpack_publicize_feature_enabled":true,"jetpack_social_post_already_shared":false,"jetpack_social_options":{"image_generator_settings":{"template":"highway","default_image_id":0,"font":"","enabled":false},"version":2}},"categories":[9],"tags":[19533,19534,19535,7233,19536],"naslovna":[],"class_list":["post-906589","post","type-post","status-publish","format-standard","has-post-thumbnail","hentry","category-drustvo","tag-anela-stanimirovic","tag-dan-socijalne-pravde","tag-hljeb","tag-racuni","tag-samohrana-majka"],"acf":[],"jetpack_publicize_connections":[],"_links":{"self":[{"href":"https:\/\/gradski.me\/en\/wp-json\/wp\/v2\/posts\/906589","targetHints":{"allow":["GET"]}}],"collection":[{"href":"https:\/\/gradski.me\/en\/wp-json\/wp\/v2\/posts"}],"about":[{"href":"https:\/\/gradski.me\/en\/wp-json\/wp\/v2\/types\/post"}],"author":[{"embeddable":true,"href":"https:\/\/gradski.me\/en\/wp-json\/wp\/v2\/users\/4"}],"replies":[{"embeddable":true,"href":"https:\/\/gradski.me\/en\/wp-json\/wp\/v2\/comments?post=906589"}],"version-history":[{"count":1,"href":"https:\/\/gradski.me\/en\/wp-json\/wp\/v2\/posts\/906589\/revisions"}],"predecessor-version":[{"id":910349,"href":"https:\/\/gradski.me\/en\/wp-json\/wp\/v2\/posts\/906589\/revisions\/910349"}],"wp:featuredmedia":[{"embeddable":true,"href":"https:\/\/gradski.me\/en\/wp-json\/wp\/v2\/media\/906590"}],"wp:attachment":[{"href":"https:\/\/gradski.me\/en\/wp-json\/wp\/v2\/media?parent=906589"}],"wp:term":[{"taxonomy":"category","embeddable":true,"href":"https:\/\/gradski.me\/en\/wp-json\/wp\/v2\/categories?post=906589"},{"taxonomy":"post_tag","embeddable":true,"href":"https:\/\/gradski.me\/en\/wp-json\/wp\/v2\/tags?post=906589"},{"taxonomy":"naslovna","embeddable":true,"href":"https:\/\/gradski.me\/en\/wp-json\/wp\/v2\/naslovna?post=906589"}],"curies":[{"name":"wp","href":"https:\/\/api.w.org\/{rel}","templated":true}]}}