{"id":906575,"date":"2026-02-20T15:30:00","date_gmt":"2026-02-20T14:30:00","guid":{"rendered":"https:\/\/new.gradski.me\/uncategorized\/video-niksic-i-grahovo-pretresi-okg-lica-na-11-lokacija-uhapsen-osumnjiceni-za-ubistvo-u-pokusaju-izvrseno-putem-pomaganja\/"},"modified":"2026-02-28T10:46:09","modified_gmt":"2026-02-28T09:46:09","slug":"video-niksic-i-grahovo-pretresi-okg-lica-na-11-lokacija-uhapsen-osumnjiceni-za-ubistvo-u-pokusaju-izvrseno-putem-pomaganja","status":"publish","type":"post","link":"https:\/\/gradski.me\/en\/hronika\/video-niksic-i-grahovo-pretresi-okg-lica-na-11-lokacija-uhapsen-osumnjiceni-za-ubistvo-u-pokusaju-izvrseno-putem-pomaganja\/","title":{"rendered":"(VIDEO) Nik\u0161i\u0107 i Grahovo: Pretresi OKG lica na 11 lokacija, uhap\u0161en osumnji\u010deni za ubistvo u poku\u0161aju izvr\u0161eno putem pomaganja"},"content":{"rendered":"<p><\/p>\n\n\n\n<p>Iz UP navode da su pretresi realizovani na 11 lokacija na teritoriji Nik\u0161i\u0107a i Grahova, sa fokusom na kontrolu lica bliskih jednom me\u0111unarodno tra\u017eenom licu, \u010dlanu organizovane kriminalne grupe, kojom prilikom je li\u0161eno slobode jedno lice zbog sumnje da je izvr\u0161ilo krivi\u010dno djelo ubistvo u poku\u0161aju, dok je tokom sprovedenih aktivnosti oduzeto pet komada oru\u017eja, oko 15 kg eksploziva, jedno teretno motorno vozilo, oko 100 komada pirotehni\u010dkih sredstava, elektro\u0161oker, mobilni ure\u0111aji i ra\u010dunar.<\/p>\n\n\n\n<p>,,Navedene aktivnosti rezultirale su li\u0161enjem slobode lica <strong>N.A. (43),<\/strong> bliskog operativno interesantnim licima, koje se sumnji\u010di da je 10.12.2025. godine, u jednom ugostiteljskom objektu u Nik\u0161i\u0107u, po\u010dinilo krivi\u010dno djelo te\u0161ko ubistvo u poku\u0161aju, izvr\u0161eno putem pomaganja, na \u0161tetu lica <strong>A.M<\/strong>. (\u010dlan jedne OKG) i <strong>M.J<\/strong>. iz Nik\u0161i\u0107a&#8220;, isti\u010du iz Uprave policije.<\/p>\n\n\n\n<figure class=\"wp-block-video\"><video height=\"555\" style=\"aspect-ratio: 968 \/ 555;\" width=\"968\" controls src=\"https:\/\/gradski.me\/wp-content\/uploads\/2026\/02\/Pretresi-NK.mp4\"><\/video><\/figure>\n\n\n\n<p>Iz UP nagla\u0161avaju da je u koordinaciji sa Vi\u0161im dr\u017eavnim tu\u017eila\u0161tvom u Podgorici, a nakon prikupljenih i obezbije\u0111enih dokaza, osumnji\u010deni po nalogu postupaju\u0107eg tu\u017eioca li\u0161en slobode zbog osnova sumnje da je izvr\u0161io navedeno krivi\u010dno djelo, kao i krivi\u010dno djelo nedozvoljeno dr\u017eanje i no\u0161enje oru\u017eja i eksplozivnih materija.<\/p>\n\n\n\n<p>,,Pretresom stana koji koristi <strong>M.S.<\/strong> u Grahovu prona\u0111eno je i privremeno oduzeto oko 15 kg eksploziva, kao i vatreno oru\u017eje \u2013 dvije lova\u010dke pu\u0161ke&#8220;, isti\u010du iz Uprave policije.<\/p>\n\n\n\n<p>Tako\u0111e, dodaju, u Grahovu su pretresom porodi\u010dne ku\u0107e koju koristi P.O. prona\u0111ene i privremeno oduzete jedna lova\u010dka i jedna vazdu\u0161na pu\u0161ka, kao i oko 100 komada pirotehni\u010dkih sredstava.<\/p>\n\n\n\n<p>,,Prilikom pretresa porodi\u010dne ku\u0107e koju koristi lice <strong>\u0160.D.<\/strong> u mjestu Nudo prona\u0111ena je i privremeno oduzeta manja koli\u010dina marihuane, za koju je utvr\u0111eno da pripada njegovom sinu <strong>G.D.<\/strong> koji je li\u0161en slobode zbog po\u010dinjenog prekr\u0161aja iz Zakona o spre\u010davanju zloupotrebe droga&#8220;, navode iz Uprave policije.<\/p>\n\n\n\n<p>Isti\u010du da je u mjestu Laz izvr\u0161en pretres porodi\u010dne ku\u0107e koju koristi <strong>V.J.<\/strong>, kojom prilikom su prona\u0111eni i privremeno oduzeti vazdu\u0161na pu\u0161ka sa opti\u010dkim ni\u0161anom, elektro\u0161oker, mobilni telefoni i ra\u010dunar.<\/p>\n\n\n\n<p>,,Od navedenog lica je, radi daljih provjera, privremeno oduzeto i teretno motorno vozilo marke \u201eEvo\u201c&#8220;, zaklju\u010duju iz Uprave policije.<\/p>","protected":false},"excerpt":{"rendered":"<p>Policijski slu\u017ebenici Odjeljenja bezbjednosti Nik\u0161i\u0107, u saradnji sa slu\u017ebenicima Regionalnog centra grani\u010dne policije \u201eCentar\u201c, uz podr\u0161ku Posebne jedinice policije i Sektora za borbu protiv kriminala, sproveli su danas ciljane aktivnosti usmjerene na lociranje i li\u0161enje slobode me\u0111unarodno tra\u017eenih lica, kontrolu \u010dlanova organizovanih kriminalnih grupa, operativno interesantnih i sa njima povezanih lica, izvr\u0161ilaca te\u0161kih krivi\u010dnih djela, kao i lica povezanih sa zloupotrebom opojnih droga, saop\u0161teno je iz Uprave policije.<\/p>","protected":false},"author":4,"featured_media":906576,"comment_status":"open","ping_status":"open","sticky":false,"template":"","format":"standard","meta":{"_acf_changed":false,"footnotes":"","jetpack_publicize_message":"","jetpack_publicize_feature_enabled":true,"jetpack_social_post_already_shared":false,"jetpack_social_options":{"image_generator_settings":{"template":"highway","default_image_id":0,"font":"","enabled":false},"version":2}},"categories":[10],"tags":[19525,7773,258,19526],"naslovna":[],"class_list":["post-906575","post","type-post","status-publish","format-standard","has-post-thumbnail","hentry","category-hronika","tag-11-lokacija","tag-grahovo","tag-niksic","tag-uhapsen-osumnjiceni-za-pokusaj-ubistva"],"acf":[],"jetpack_publicize_connections":[],"_links":{"self":[{"href":"https:\/\/gradski.me\/en\/wp-json\/wp\/v2\/posts\/906575","targetHints":{"allow":["GET"]}}],"collection":[{"href":"https:\/\/gradski.me\/en\/wp-json\/wp\/v2\/posts"}],"about":[{"href":"https:\/\/gradski.me\/en\/wp-json\/wp\/v2\/types\/post"}],"author":[{"embeddable":true,"href":"https:\/\/gradski.me\/en\/wp-json\/wp\/v2\/users\/4"}],"replies":[{"embeddable":true,"href":"https:\/\/gradski.me\/en\/wp-json\/wp\/v2\/comments?post=906575"}],"version-history":[{"count":1,"href":"https:\/\/gradski.me\/en\/wp-json\/wp\/v2\/posts\/906575\/revisions"}],"predecessor-version":[{"id":910341,"href":"https:\/\/gradski.me\/en\/wp-json\/wp\/v2\/posts\/906575\/revisions\/910341"}],"wp:featuredmedia":[{"embeddable":true,"href":"https:\/\/gradski.me\/en\/wp-json\/wp\/v2\/media\/906576"}],"wp:attachment":[{"href":"https:\/\/gradski.me\/en\/wp-json\/wp\/v2\/media?parent=906575"}],"wp:term":[{"taxonomy":"category","embeddable":true,"href":"https:\/\/gradski.me\/en\/wp-json\/wp\/v2\/categories?post=906575"},{"taxonomy":"post_tag","embeddable":true,"href":"https:\/\/gradski.me\/en\/wp-json\/wp\/v2\/tags?post=906575"},{"taxonomy":"naslovna","embeddable":true,"href":"https:\/\/gradski.me\/en\/wp-json\/wp\/v2\/naslovna?post=906575"}],"curies":[{"name":"wp","href":"https:\/\/api.w.org\/{rel}","templated":true}]}}