{"id":906521,"date":"2026-02-20T14:10:00","date_gmt":"2026-02-20T13:10:00","guid":{"rendered":"https:\/\/new.gradski.me\/uncategorized\/humanost-com-sabastijanu-potrebno-jos-1-600-eura-posalji-61-na-14565\/"},"modified":"2026-02-28T10:45:58","modified_gmt":"2026-02-28T09:45:58","slug":"humanost-com-sabastijanu-potrebno-jos-1-600-eura-posalji-61-na-14565","status":"publish","type":"post","link":"https:\/\/gradski.me\/en\/drustvo\/humanost-com-sabastijanu-potrebno-jos-1-600-eura-posalji-61-na-14565\/","title":{"rendered":"Humanost.com: Sabastijanu potrebno jo\u0161 1.600 eura, po\u0161alji 61 NA 14565"},"content":{"rendered":"<p><br><\/p>\n\n\n\n<p><br>Kako navode u saop\u0161tenju, Sabastijan Kastrati je mladi momak iz Nik\u0161i\u0107a koji je ro\u0111en prije vremena, a sa samo \u0161est godina dijagnostikovana mu je cerebralna paraliza. Od tada traje njegova te\u0161ka i neprekidna borba.<\/p>\n\n\n\n<p>&#8222;Sabastijan je u potpunosti nepokretan i zavistan od podr\u0161ke svoje majke, koja mu je najve\u0107i oslonac u \u017eivotu. Da bi se ovom osamnaestogodi\u0161njem momku omogu\u0107ilo dostojanstvenije i lak\u0161e funkcionisanje, neophodna su adekvatna, prilago\u0111ena invalidska kolica. Posredstvom platforme humanost.com do sada je prikupljeno preko 1.300 eura, ali je za kupovinu potrebnih kolica neophodno prikupiti jo\u0161 ne\u0161to vi\u0161e od 1.600 eura. Budimo podr\u0161ka ovom hrabrom momku i njegovoj majci. Pomozimo Sebastijanu da dobije kolica koja su mu prijeko potrebna&#8220;, poru\u010dili su u saop\u0161tenju.<\/p>\n\n\n\n<p>Doniraj platnom karticom putem linka: https:\/\/humanost.com\/akcija\/94f1c25a-99f5-4c97-8651-055946a62624<br>Uplatom na \u017eiro ra\u010dun: 520-44376-31<br>Devizni ra\u010dun: 520004200000311914<br>IBAN: ME25520004200000311914<br>SWIFT: HBBAMEPGXXX<br>SMS: Po\u0161aljite 61 na 14565 (1 poruka = 1 EUR)<\/p>","protected":false},"excerpt":{"rendered":"<p>Sa platforme Humanost.com pozvali su sve koji su u mogu\u0107nosti da pomognu u nabavci posebnih invalidskih kolica potrebnih Sebastijanu Kastratiju, mladi\u0107u iz Nik\u0161i\u0107a koji se od djetinjstva bori sa cerebralnom paralizom.<\/p>","protected":false},"author":5,"featured_media":906522,"comment_status":"open","ping_status":"open","sticky":false,"template":"","format":"standard","meta":{"_acf_changed":false,"footnotes":"","jetpack_publicize_message":"","jetpack_publicize_feature_enabled":true,"jetpack_social_post_already_shared":false,"jetpack_social_options":{"image_generator_settings":{"template":"highway","default_image_id":0,"font":"","enabled":false},"version":2}},"categories":[9],"tags":[4856,19506],"naslovna":[],"class_list":["post-906521","post","type-post","status-publish","format-standard","has-post-thumbnail","hentry","category-drustvo","tag-humanost","tag-sebastijan-kastrati"],"acf":[],"jetpack_publicize_connections":[],"_links":{"self":[{"href":"https:\/\/gradski.me\/en\/wp-json\/wp\/v2\/posts\/906521","targetHints":{"allow":["GET"]}}],"collection":[{"href":"https:\/\/gradski.me\/en\/wp-json\/wp\/v2\/posts"}],"about":[{"href":"https:\/\/gradski.me\/en\/wp-json\/wp\/v2\/types\/post"}],"author":[{"embeddable":true,"href":"https:\/\/gradski.me\/en\/wp-json\/wp\/v2\/users\/5"}],"replies":[{"embeddable":true,"href":"https:\/\/gradski.me\/en\/wp-json\/wp\/v2\/comments?post=906521"}],"version-history":[{"count":1,"href":"https:\/\/gradski.me\/en\/wp-json\/wp\/v2\/posts\/906521\/revisions"}],"predecessor-version":[{"id":910312,"href":"https:\/\/gradski.me\/en\/wp-json\/wp\/v2\/posts\/906521\/revisions\/910312"}],"wp:featuredmedia":[{"embeddable":true,"href":"https:\/\/gradski.me\/en\/wp-json\/wp\/v2\/media\/906522"}],"wp:attachment":[{"href":"https:\/\/gradski.me\/en\/wp-json\/wp\/v2\/media?parent=906521"}],"wp:term":[{"taxonomy":"category","embeddable":true,"href":"https:\/\/gradski.me\/en\/wp-json\/wp\/v2\/categories?post=906521"},{"taxonomy":"post_tag","embeddable":true,"href":"https:\/\/gradski.me\/en\/wp-json\/wp\/v2\/tags?post=906521"},{"taxonomy":"naslovna","embeddable":true,"href":"https:\/\/gradski.me\/en\/wp-json\/wp\/v2\/naslovna?post=906521"}],"curies":[{"name":"wp","href":"https:\/\/api.w.org\/{rel}","templated":true}]}}