{"id":906402,"date":"2026-02-19T20:06:00","date_gmt":"2026-02-19T19:06:00","guid":{"rendered":"https:\/\/new.gradski.me\/uncategorized\/forum-zena-pnp-govor-mrznje-i-prijetnje-zenama-u-politici-postali-su-opasno-zastrasivanje\/"},"modified":"2026-02-19T20:06:00","modified_gmt":"2026-02-19T19:06:00","slug":"forum-zena-pnp-govor-mrznje-i-prijetnje-zenama-u-politici-postali-su-opasno-zastrasivanje","status":"publish","type":"post","link":"https:\/\/gradski.me\/en\/politika\/forum-zena-pnp-govor-mrznje-i-prijetnje-zenama-u-politici-postali-su-opasno-zastrasivanje\/","title":{"rendered":"Forum \u017eena PNP: Govor mr\u017enje i prijetnje \u017eenama u politici postali su opasno zastra\u0161ivanje"},"content":{"rendered":"<p><\/p>\n\n\n\n<p><\/p>\n\n\n\n<p>Kako navode, govor mr\u017enje i prijetnje koje se putem dru\u0161tvenih mre\u017ea upu\u0107uju \u017eenama koje obavljaju javne i politi\u010dke funkcije u Crnoj Gori postali su opasno zastra\u0161ivanje i udar na njihov kredibilitet i porodice.<\/p>\n\n\n\n<p>\u201cPosebno zabrinjava \u010dinjenica da su ove \u017eene, samo zbog toga \u0161to javno iznose stavove, kritikuju odluke institucija ili rade posao za koji su izabrane, izlo\u017eene brutalnom vrije\u0111anju, seksizmu, mizoginiji, vjerskoj i nacionalnoj mr\u017enji, kao i prijetnjama koje prelaze granicu svake legitimne kritike. Ovakvi napadi nisu izolovani incidenti, ve\u0107 imaju obilje\u017eja organizovanog digitalnog nasilja, \u010diji je cilj zastra\u0161ivanje i u\u0107utkivanje \u017eena u politici\u201d, isti\u010de se u saop\u0161tenju.<\/p>\n\n\n\n<p>Dodaju da su svjesne da javna funkcija nosi ve\u0107u odgovornost i otvorenost za kritiku.<\/p>\n\n\n\n<p>\u201cMe\u0111utim, prijetnje, psovke, pozivi na nasilje, progon i poni\u017eavanje ne mogu i ne smiju biti prihva\u0107eni kao \u201epoliti\u010dki dijalog\u201c. To je nedopustivo pona\u0161anje koje ugro\u017eava osnovna ljudska prava i bezbjednost, ali i demokratski poredak dru\u0161tva\u201d, pi\u0161e u saop\u0161tenju.<\/p>\n\n\n\n<p>Dodaju da se ne radi se samo o nevaspitanju i nekulturi, ve\u0107 je ovo odraz svijesti, savjesti i ozbiljno naru\u0161enog odnosa prema drugima, koji ostavlja te\u0161ke i dugotrajne psihi\u010dke posljedice po \u017eene, ali i po sva lica koja su izlo\u017eena ovakvom pona\u0161anju.<\/p>\n\n\n\n<p>\u201cTakvi postupci zahtijevaju hitno procesuiranje, kao i jasnu, nedvosmislenu odgovornost i sankcionisanje odgovornih\u201d, poru\u010duje se u saop\u0161tenju.<\/p>\n\n\n\n<p>Kako isti\u010du, Forum \u017eena govor mr\u017enje i prijetnje koje se putem dru\u0161tvenih mre\u017ea upu\u0107uju \u017eenama koje obavljaju javne i politi\u010dke funkcije u Crnoj Gori postali su opasno zastra\u0161ivanje , identifikuju odgovorne i jasno stave do znanja da se govor mr\u017enje i digitalno nasilje ne\u0107e tolerisati.<\/p>\n\n\n\n<p>Dodaju da tako\u0111e, pozivaju nevladine organizacije i sve dru\u0161tvene aktere koji se bave za\u0161titom ljudskih prava da dosljedno i neselektivno osude ovakve pojave i pomognu u prevazila\u017eenju ovog problema koji je uzeo mah op\u0161tih razmjera.<\/p>\n\n\n\n<p>\u201cSolidarnost sa \u017eenama koje su mete napada nije samo pitanje podr\u0161ke pojedinkama, ve\u0107 i odbrane prava svih \u017eena da ravnopravno u\u010destvuju u javnom i politi\u010dkom \u017eivotu bez straha, ucjena i prijetnji. Forum \u017eena Pokreta narodnog povjerenja ostaje odlu\u010dan u borbi protiv svakog oblika nasilja, mr\u017enje i diskriminacije, posebno onih usmjerenih ka \u017eenama\u201d, zaklju\u010duje se u saop\u0161tenju.<\/p>","protected":false},"excerpt":{"rendered":"<p>Forum \u017eena Pokreta narodnog povjerenja najo\u0161trije osu\u0111uje govor mr\u017enje upu\u0107en poslanici Demokratske Crne Gore An\u0111eli Vojinovi\u0107, ali i kontinuirane i u\u010destale napade na sve \u017eene iz javnog i politi\u010dkog \u017eivota, saop\u0161tili su iz Foruma \u017eena Pokreta narodnog povjerenja.<\/p>","protected":false},"author":5,"featured_media":900867,"comment_status":"open","ping_status":"open","sticky":false,"template":"","format":"standard","meta":{"_acf_changed":false,"footnotes":"","jetpack_publicize_message":"","jetpack_publicize_feature_enabled":true,"jetpack_social_post_already_shared":false,"jetpack_social_options":{"image_generator_settings":{"template":"highway","default_image_id":0,"font":"","enabled":false},"version":2}},"categories":[7],"tags":[8260,6252,6363],"naslovna":[],"class_list":["post-906402","post","type-post","status-publish","format-standard","has-post-thumbnail","hentry","category-politika","tag-forum-zena","tag-govor-mrznje","tag-pnp"],"acf":[],"jetpack_publicize_connections":[],"_links":{"self":[{"href":"https:\/\/gradski.me\/en\/wp-json\/wp\/v2\/posts\/906402","targetHints":{"allow":["GET"]}}],"collection":[{"href":"https:\/\/gradski.me\/en\/wp-json\/wp\/v2\/posts"}],"about":[{"href":"https:\/\/gradski.me\/en\/wp-json\/wp\/v2\/types\/post"}],"author":[{"embeddable":true,"href":"https:\/\/gradski.me\/en\/wp-json\/wp\/v2\/users\/5"}],"replies":[{"embeddable":true,"href":"https:\/\/gradski.me\/en\/wp-json\/wp\/v2\/comments?post=906402"}],"version-history":[{"count":0,"href":"https:\/\/gradski.me\/en\/wp-json\/wp\/v2\/posts\/906402\/revisions"}],"wp:featuredmedia":[{"embeddable":true,"href":"https:\/\/gradski.me\/en\/wp-json\/wp\/v2\/media\/900867"}],"wp:attachment":[{"href":"https:\/\/gradski.me\/en\/wp-json\/wp\/v2\/media?parent=906402"}],"wp:term":[{"taxonomy":"category","embeddable":true,"href":"https:\/\/gradski.me\/en\/wp-json\/wp\/v2\/categories?post=906402"},{"taxonomy":"post_tag","embeddable":true,"href":"https:\/\/gradski.me\/en\/wp-json\/wp\/v2\/tags?post=906402"},{"taxonomy":"naslovna","embeddable":true,"href":"https:\/\/gradski.me\/en\/wp-json\/wp\/v2\/naslovna?post=906402"}],"curies":[{"name":"wp","href":"https:\/\/api.w.org\/{rel}","templated":true}]}}