{"id":906390,"date":"2026-02-19T19:14:00","date_gmt":"2026-02-19T18:14:00","guid":{"rendered":"https:\/\/new.gradski.me\/uncategorized\/belan-milatovic-da-predlozi-izmjene-ustava-i-zabrani-krivicno-gonjenje-ucesnika-litija-srba-i-pripadnika-spc\/"},"modified":"2026-02-19T19:14:00","modified_gmt":"2026-02-19T18:14:00","slug":"belan-milatovic-da-predlozi-izmjene-ustava-i-zabrani-krivicno-gonjenje-ucesnika-litija-srba-i-pripadnika-spc","status":"publish","type":"post","link":"https:\/\/gradski.me\/en\/politika\/belan-milatovic-da-predlozi-izmjene-ustava-i-zabrani-krivicno-gonjenje-ucesnika-litija-srba-i-pripadnika-spc\/","title":{"rendered":"Belan: Milatovi\u0107 da predlo\u017ei izmjene Ustava i zabrani krivi\u010dno gonjenje u\u010desnika litija, Srba i pripadnika SPC"},"content":{"rendered":"<p><\/p>\n\n\n\n<p>\u201cNek idu do kraja i predlo\u017ee izmjene Ustava u pravcu zabrane krivi\u010dnog gonjenja u\u010desnika litija iz 2020. godine, lica koja se nacionalno izja\u0161njavaju kao Srbi, pripadnika SPC, svim licima zaslu\u017enim za nepravne i protivzakonite \u010distke usmjerene protiv slu\u017ebenika \u201cbiv\u0161eg re\u017eima\u201d, predlo\u017eio je Belan.<\/p>\n\n\n\n<p>Dodaje da ostale gra\u0111anke i gra\u0111ane Crne Gore, koji se ne mogu ubrojiti u navedene kategorije, Ustavom treba proglasiti gra\u0111ankama i gra\u0111anima drugog reda prema kojima tu\u017eila\u0161tvo i sudstvo imaju pravo postupati bez zakonskih ograni\u010denja.<\/p>\n\n\n\n<p>\u201cUstavom definisati i obavezan jutarnji usklik u javnim ustanovama i \u0161kolama \u2013 \u017divio evropski predsjednik Jakov Milatovi\u0107\u201d, kazao je Belan.<\/p>","protected":false},"excerpt":{"rendered":"<p>Jedan od lidera Evropskog saveza Vatroslav Belan sugerisao je predsjedniku Jakovu Milatovi\u0107u i njegovom Kabinetu da ne odla\u017eu dalje ispunjenje svojih snova koje o\u010digledno duboko potiskuju iz pragmati\u010dnih razloga.<\/p>","protected":false},"author":5,"featured_media":906391,"comment_status":"open","ping_status":"open","sticky":false,"template":"","format":"standard","meta":{"_acf_changed":false,"footnotes":"","jetpack_publicize_message":"","jetpack_publicize_feature_enabled":true,"jetpack_social_post_already_shared":false,"jetpack_social_options":{"image_generator_settings":{"template":"highway","default_image_id":0,"font":"","enabled":false},"version":2}},"categories":[7],"tags":[19471,19472,5511,19473,5911],"naslovna":[],"class_list":["post-906390","post","type-post","status-publish","format-standard","has-post-thumbnail","hentry","category-politika","tag-jakov-milatopvic","tag-litije","tag-srbi","tag-uistav","tag-zakoni"],"acf":[],"jetpack_publicize_connections":[],"_links":{"self":[{"href":"https:\/\/gradski.me\/en\/wp-json\/wp\/v2\/posts\/906390","targetHints":{"allow":["GET"]}}],"collection":[{"href":"https:\/\/gradski.me\/en\/wp-json\/wp\/v2\/posts"}],"about":[{"href":"https:\/\/gradski.me\/en\/wp-json\/wp\/v2\/types\/post"}],"author":[{"embeddable":true,"href":"https:\/\/gradski.me\/en\/wp-json\/wp\/v2\/users\/5"}],"replies":[{"embeddable":true,"href":"https:\/\/gradski.me\/en\/wp-json\/wp\/v2\/comments?post=906390"}],"version-history":[{"count":0,"href":"https:\/\/gradski.me\/en\/wp-json\/wp\/v2\/posts\/906390\/revisions"}],"wp:featuredmedia":[{"embeddable":true,"href":"https:\/\/gradski.me\/en\/wp-json\/wp\/v2\/media\/906391"}],"wp:attachment":[{"href":"https:\/\/gradski.me\/en\/wp-json\/wp\/v2\/media?parent=906390"}],"wp:term":[{"taxonomy":"category","embeddable":true,"href":"https:\/\/gradski.me\/en\/wp-json\/wp\/v2\/categories?post=906390"},{"taxonomy":"post_tag","embeddable":true,"href":"https:\/\/gradski.me\/en\/wp-json\/wp\/v2\/tags?post=906390"},{"taxonomy":"naslovna","embeddable":true,"href":"https:\/\/gradski.me\/en\/wp-json\/wp\/v2\/naslovna?post=906390"}],"curies":[{"name":"wp","href":"https:\/\/api.w.org\/{rel}","templated":true}]}}