{"id":906177,"date":"2026-02-19T06:13:00","date_gmt":"2026-02-19T05:13:00","guid":{"rendered":"https:\/\/new.gradski.me\/uncategorized\/video-zecevic-poplave-u-ulici-generala-sava-orovica-zbog-nedostatka-kapaciteta-i-atmosferske-kanalizacije-sanacija-kada-se-steknu-vremenski-uslovi\/"},"modified":"2026-02-19T06:13:00","modified_gmt":"2026-02-19T05:13:00","slug":"video-zecevic-poplave-u-ulici-generala-sava-orovica-zbog-nedostatka-kapaciteta-i-atmosferske-kanalizacije-sanacija-kada-se-steknu-vremenski-uslovi","status":"publish","type":"post","link":"https:\/\/gradski.me\/en\/podgorica\/video-zecevic-poplave-u-ulici-generala-sava-orovica-zbog-nedostatka-kapaciteta-i-atmosferske-kanalizacije-sanacija-kada-se-steknu-vremenski-uslovi\/","title":{"rendered":"(VIDEO) Ze\u010devi\u0107: Poplave u ulici Generala Sava Orovi\u0107a zbog nedostatka kapaciteta i atmosferske kanalizacije, sanacija kada se steknu vremenski uslovi"},"content":{"rendered":"<p>Ki\u0161a je donijela stare probleme. U ulici Generala Sava Orovi\u0107a voda se zadr\u017eava na kolovozu, a pojedini djelovi su potpuno pod vodom \u2013 u Orjenskoj, mje\u0161tani tvrde da je uzrok lo\u0161 odvod i previsoko postavljene \u0161ahte.<\/p>\n\n\n\n<p>Osim problema sa vodom, mje\u0161tani upozoravaju i na bezbjednost djece koja poha\u0111aju \u0161kolu Dragi\u0161a Ivanovi\u0107 \u2013 tvrde da vozila Orijenskom ulicom prolaze velikom brzinom.<\/p>\n\n\n\n<p>&#8222;I kada idu ovom Orijenskom to samo lete ne gledaju da li ima pje\u0161a\u010dkog prelaza ili ne samo jure&#8220;, kazao je jedan od mje\u0161tana.<\/p>\n\n\n\n<p>Rje\u0161enje bi, prema najavama, mogla donijeti kompletna rekonstrukcija ulice Save Orovi\u0107a, poru\u010duju iz preduze\u0107a Putevi.<\/p>\n\n\n\n<p>&#8222;Vrlo brzo \u0107emo iza\u0107i na teren kada se steknu uslovi i molim gra\u0111ane i moje kom\u0161ije da iza\u0111u gradu u susret, a da njima bude bolje, jer fakat poplave koje s tamo de\u0161avaju zbog nedostatka kapaciteta i atmosferske kanalizacije, ne mogu se na drugi na\u010din sanirati, nikakvi bunari, a da bi se mogla napraviti kanalizacija mora prvo trotoar&#8220;, kazao je direktor GP &#8222;Putevi&#8220;, Rado\u0161 Ze\u010devi\u0107.<\/p>\n\n\n\n<p>Mje\u0161tani Murtovine o\u010dekuju da radovi po\u010dnu \u0161to prije, jer svaka nova ki\u0161a, ka\u017eu, zna\u010di nove probleme \u2013 i sa vodom i sa bezbjedno\u0161\u0107u njihove djece.<\/p>\n\n\n\n<figure class=\"wp-block-embed is-type-video is-provider-youtube wp-block-embed-youtube wp-embed-aspect-16-9 wp-has-aspect-ratio\"><div class=\"wp-block-embed__wrapper\">\n<iframe title=\"Ze\u010devi\u0107: Poplave u Orijenskoj zbog nedostatka kapaciteta i atmosferske kanalizacije\" width=\"800\" height=\"450\" src=\"https:\/\/www.youtube.com\/embed\/iv0pyarljzk?feature=oembed\" frameborder=\"0\" allow=\"accelerometer; autoplay; clipboard-write; encrypted-media; gyroscope; picture-in-picture; web-share\" referrerpolicy=\"strict-origin-when-cross-origin\" allowfullscreen><\/iframe>\n<\/div><\/figure>","protected":false},"excerpt":{"rendered":"<p>Velika ki\u0161a prethodnih dana ponovo je pokazala sve slabosti infrastrukture u naselju Murtovina. Mje\u0161tani ulice Generala Sava Orovi\u0107a i dijela Orijenske ka\u017eu da se sa istim problemima suo\u010davaju godinama \u2013 nadle\u017eni najavljuju rje\u0161enje.<\/p>","protected":false},"author":1,"featured_media":906142,"comment_status":"open","ping_status":"open","sticky":false,"template":"","format":"standard","meta":{"_acf_changed":false,"footnotes":"","jetpack_publicize_message":"","jetpack_publicize_feature_enabled":true,"jetpack_social_post_already_shared":false,"jetpack_social_options":{"image_generator_settings":{"template":"highway","default_image_id":0,"font":"","enabled":false},"version":2}},"categories":[6],"tags":[4569,9534],"naslovna":[],"class_list":["post-906177","post","type-post","status-publish","format-standard","has-post-thumbnail","hentry","category-podgorica","tag-rados-zecevic","tag-sanacija"],"acf":[],"jetpack_publicize_connections":[],"_links":{"self":[{"href":"https:\/\/gradski.me\/en\/wp-json\/wp\/v2\/posts\/906177","targetHints":{"allow":["GET"]}}],"collection":[{"href":"https:\/\/gradski.me\/en\/wp-json\/wp\/v2\/posts"}],"about":[{"href":"https:\/\/gradski.me\/en\/wp-json\/wp\/v2\/types\/post"}],"author":[{"embeddable":true,"href":"https:\/\/gradski.me\/en\/wp-json\/wp\/v2\/users\/1"}],"replies":[{"embeddable":true,"href":"https:\/\/gradski.me\/en\/wp-json\/wp\/v2\/comments?post=906177"}],"version-history":[{"count":0,"href":"https:\/\/gradski.me\/en\/wp-json\/wp\/v2\/posts\/906177\/revisions"}],"wp:featuredmedia":[{"embeddable":true,"href":"https:\/\/gradski.me\/en\/wp-json\/wp\/v2\/media\/906142"}],"wp:attachment":[{"href":"https:\/\/gradski.me\/en\/wp-json\/wp\/v2\/media?parent=906177"}],"wp:term":[{"taxonomy":"category","embeddable":true,"href":"https:\/\/gradski.me\/en\/wp-json\/wp\/v2\/categories?post=906177"},{"taxonomy":"post_tag","embeddable":true,"href":"https:\/\/gradski.me\/en\/wp-json\/wp\/v2\/tags?post=906177"},{"taxonomy":"naslovna","embeddable":true,"href":"https:\/\/gradski.me\/en\/wp-json\/wp\/v2\/naslovna?post=906177"}],"curies":[{"name":"wp","href":"https:\/\/api.w.org\/{rel}","templated":true}]}}