{"id":906171,"date":"2026-02-18T20:38:00","date_gmt":"2026-02-18T19:38:00","guid":{"rendered":"https:\/\/new.gradski.me\/uncategorized\/zelenski-postignut-dogovor-sad-ce-nadgledati-prekid-vatre\/"},"modified":"2026-02-18T20:38:00","modified_gmt":"2026-02-18T19:38:00","slug":"zelenski-postignut-dogovor-sad-ce-nadgledati-prekid-vatre","status":"publish","type":"post","link":"https:\/\/gradski.me\/en\/svijet\/zelenski-postignut-dogovor-sad-ce-nadgledati-prekid-vatre\/","title":{"rendered":"Zelenski: Postignut dogovor, SAD \u0107e nadgledati prekid vatre"},"content":{"rendered":"<p><a href=\"https:\/\/www.facebook.com\/share.php?u=https:\/\/www.rts.rs\/lat\/vesti\/ratu-u-ukrajini\/5889560\/rat-u-ukrajini--1456-dan-18-februar-2026-rusija.html?sid=617930\" target=\"_blank\" rel=\"noopener\"><\/a><a href=\"https:\/\/twitter.com\/share\" target=\"_blank\" rel=\"noopener\"><\/a><a href=\"https:\/\/www.linkedin.com\/shareArticle?mini=true&amp;url=https:\/\/www.rts.rs\/lat\/vesti\/ratu-u-ukrajini\/5889560\/rat-u-ukrajini--1456-dan-18-februar-2026-rusija.html?sid=617930&amp;title=&amp;source=rts.rs\" target=\"_blank\" rel=\"noopener\"><\/a> Zelenski je kazao da \u0107e se pra\u0107enje po\u0161tovanja re\u017eima prekida vatre vr\u0161iti uz u\u010de\u0161\u0107e Sjedinjenih Dr\u017eava.<\/p>\n\n\n\n<p>&#8222;Monitoring \u0107e svakako uklju\u010divati ameri\u010dku stranu. Vjerujem da je ovo konstruktivan signal&#8220;, rekao je Zelenski novinarima.<\/p>\n\n\n\n<p><\/p>","protected":false},"excerpt":{"rendered":"<p>Predsjednik Volodimir Zelenski je saop\u0161tio da je na ukrajinsko-ameri\u010dko-ruskim pregovorima u \u017denevi o re\u0161avanju ruskog rata protiv Ukrajine postignut dogovor<\/p>","protected":false},"author":1,"featured_media":906172,"comment_status":"open","ping_status":"open","sticky":false,"template":"","format":"standard","meta":{"_acf_changed":false,"footnotes":"","jetpack_publicize_message":"","jetpack_publicize_feature_enabled":true,"jetpack_social_post_already_shared":false,"jetpack_social_options":{"image_generator_settings":{"template":"highway","default_image_id":0,"font":"","enabled":false},"version":2}},"categories":[14],"tags":[4186,18,300,301],"naslovna":[],"class_list":["post-906171","post","type-post","status-publish","format-standard","has-post-thumbnail","hentry","category-svijet","tag-dogovor","tag-rusija","tag-ukrajina","tag-volodimir-zelenski"],"acf":[],"jetpack_publicize_connections":[],"_links":{"self":[{"href":"https:\/\/gradski.me\/en\/wp-json\/wp\/v2\/posts\/906171","targetHints":{"allow":["GET"]}}],"collection":[{"href":"https:\/\/gradski.me\/en\/wp-json\/wp\/v2\/posts"}],"about":[{"href":"https:\/\/gradski.me\/en\/wp-json\/wp\/v2\/types\/post"}],"author":[{"embeddable":true,"href":"https:\/\/gradski.me\/en\/wp-json\/wp\/v2\/users\/1"}],"replies":[{"embeddable":true,"href":"https:\/\/gradski.me\/en\/wp-json\/wp\/v2\/comments?post=906171"}],"version-history":[{"count":0,"href":"https:\/\/gradski.me\/en\/wp-json\/wp\/v2\/posts\/906171\/revisions"}],"wp:featuredmedia":[{"embeddable":true,"href":"https:\/\/gradski.me\/en\/wp-json\/wp\/v2\/media\/906172"}],"wp:attachment":[{"href":"https:\/\/gradski.me\/en\/wp-json\/wp\/v2\/media?parent=906171"}],"wp:term":[{"taxonomy":"category","embeddable":true,"href":"https:\/\/gradski.me\/en\/wp-json\/wp\/v2\/categories?post=906171"},{"taxonomy":"post_tag","embeddable":true,"href":"https:\/\/gradski.me\/en\/wp-json\/wp\/v2\/tags?post=906171"},{"taxonomy":"naslovna","embeddable":true,"href":"https:\/\/gradski.me\/en\/wp-json\/wp\/v2\/naslovna?post=906171"}],"curies":[{"name":"wp","href":"https:\/\/api.w.org\/{rel}","templated":true}]}}