{"id":906147,"date":"2026-02-18T19:50:00","date_gmt":"2026-02-18T18:50:00","guid":{"rendered":"https:\/\/new.gradski.me\/uncategorized\/uhapsen-ukrajinac-zbog-izazivanja-udesa-povrijedjeni-policajci-iz-premijerove-pratnje\/"},"modified":"2026-02-18T19:50:00","modified_gmt":"2026-02-18T18:50:00","slug":"uhapsen-ukrajinac-zbog-izazivanja-udesa-povrijedjeni-policajci-iz-premijerove-pratnje","status":"publish","type":"post","link":"https:\/\/gradski.me\/en\/hronika\/uhapsen-ukrajinac-zbog-izazivanja-udesa-povrijedjeni-policajci-iz-premijerove-pratnje\/","title":{"rendered":"Uhap\u0161en Ukrajinac zbog izazivanja udesa, povrije\u0111eni policajci iz premijerove pratnje"},"content":{"rendered":"<p><\/p>\n\n\n\n<p>&#8222;Nakon okon\u010danog uvi\u0111aja, te preduzetih zakonom propisanih mjera i radnji, po nalogu dr\u017eavnog tu\u017eioca u Osnovnom dr\u017eavnom tu\u017eila\u0161tvu u Kola\u0161inu, li\u0161en je slobode ukrajinski dr\u017eavljanin V.S. zbog sumnje da je po\u010dinio krivi\u010dno djelo te\u0161ka djela protiv bezbjednosti javnog saobra\u0107aja (\u010dlan 348, stav 3 Krivi\u010dnog zakonika)&#8220;, kazali su iz policije.<\/p>\n\n\n\n<p>Jedan od policijskih slu\u017ebenika je u ovoj nezgodi zadobio te\u0161ke tjelesne povrede.<\/p>\n\n\n\n<p>Osumnji\u010deni \u0107e sjutra biti priveden Osnovnom dr\u017eavnom tu\u017eila\u0161tvu u Kola\u0161inu na dalju nadle\u017enost i postupanje.<\/p>\n\n\n\n<p>Podsje\u0107amo, u ranijem saop\u0161tenju UP je navedeno da je na osnovu preduzetih radnji i prikupljenih saznanja, sumnja se da je do saobra\u0107ajne nezgode do\u0161lo na na\u010din \u0161to je dr\u017eavljanin Ukrajine, koji je upravljao vozilom marke \u201eBMW\u201c, kre\u0107u\u0107i se regionalnim putem R-13 iz pravca Podgorice ka Kola\u0161inu, na dijelu puta gdje se nalazi puna uzdu\u017ena, odnosno neisprekidana linija, iz za sada neutvr\u0111enih razloga pre\u0161ao u suprotnu kolovoznu traku i prednjim dijelom vozila ostvario kontakt sa prednjim dijelom slu\u017ebenog vozila iz pratnje \u2013 eskorta \u0161ti\u0107ene li\u010dnosti, koje se kretalo iz pravca Kola\u0161ina ka Podgorici&#8220;, kazali su iz policije&#8220;, naveli su iz policije.<\/p>\n\n\n\n<p>Saobra\u0107aj na ovoj dionici puta je uspostavljen.<\/p>\n\n\n\n<p><\/p>","protected":false},"excerpt":{"rendered":"<p>Povodom saobra\u0107ajne nezgode koja se danas, oko 16.30 sati dogodila u mjestu Skrbu\u0161a, na putnom pravcu Mate\u0161evo\u2013Kola\u0161in, a u kojoj su u\u010destvovali slu\u017ebeno vozilo marke \u201eMercedes\u201c, prvo vozilo iz pratnje \u0161ti\u0107ene li\u010dnosti, u kojem su se nalazila tri policijska slu\u017ebenika koja su zadobila povrede, i vozilo marke \u201eBMW\u201c kojim je upravljao V.S. (21) iz Ukrajine, obavje\u0161tavamo javnost sljede\u0107e\u201c, saop\u0161teno je iz Uprave policije<\/p>","protected":false},"author":16,"featured_media":906148,"comment_status":"open","ping_status":"open","sticky":false,"template":"","format":"standard","meta":{"_acf_changed":false,"footnotes":"","jetpack_publicize_message":"","jetpack_publicize_feature_enabled":true,"jetpack_social_post_already_shared":false,"jetpack_social_options":{"image_generator_settings":{"template":"highway","default_image_id":0,"font":"","enabled":false},"version":2}},"categories":[10],"tags":[1133,1374],"naslovna":[],"class_list":["post-906147","post","type-post","status-publish","format-standard","has-post-thumbnail","hentry","category-hronika","tag-kolasin","tag-udes"],"acf":[],"jetpack_publicize_connections":[],"_links":{"self":[{"href":"https:\/\/gradski.me\/en\/wp-json\/wp\/v2\/posts\/906147","targetHints":{"allow":["GET"]}}],"collection":[{"href":"https:\/\/gradski.me\/en\/wp-json\/wp\/v2\/posts"}],"about":[{"href":"https:\/\/gradski.me\/en\/wp-json\/wp\/v2\/types\/post"}],"author":[{"embeddable":true,"href":"https:\/\/gradski.me\/en\/wp-json\/wp\/v2\/users\/16"}],"replies":[{"embeddable":true,"href":"https:\/\/gradski.me\/en\/wp-json\/wp\/v2\/comments?post=906147"}],"version-history":[{"count":0,"href":"https:\/\/gradski.me\/en\/wp-json\/wp\/v2\/posts\/906147\/revisions"}],"wp:featuredmedia":[{"embeddable":true,"href":"https:\/\/gradski.me\/en\/wp-json\/wp\/v2\/media\/906148"}],"wp:attachment":[{"href":"https:\/\/gradski.me\/en\/wp-json\/wp\/v2\/media?parent=906147"}],"wp:term":[{"taxonomy":"category","embeddable":true,"href":"https:\/\/gradski.me\/en\/wp-json\/wp\/v2\/categories?post=906147"},{"taxonomy":"post_tag","embeddable":true,"href":"https:\/\/gradski.me\/en\/wp-json\/wp\/v2\/tags?post=906147"},{"taxonomy":"naslovna","embeddable":true,"href":"https:\/\/gradski.me\/en\/wp-json\/wp\/v2\/naslovna?post=906147"}],"curies":[{"name":"wp","href":"https:\/\/api.w.org\/{rel}","templated":true}]}}