{"id":905926,"date":"2026-02-17T20:00:00","date_gmt":"2026-02-17T19:00:00","guid":{"rendered":"https:\/\/new.gradski.me\/uncategorized\/vukic-za-neradnu-nedjelju-naci-trajno-i-sistemsko-rjesenje\/"},"modified":"2026-02-17T20:00:00","modified_gmt":"2026-02-17T19:00:00","slug":"vukic-za-neradnu-nedjelju-naci-trajno-i-sistemsko-rjesenje","status":"publish","type":"post","link":"https:\/\/gradski.me\/en\/ekonomija\/vukic-za-neradnu-nedjelju-naci-trajno-i-sistemsko-rjesenje\/","title":{"rendered":"Vuki\u0107: Za neradnu nedjelju na\u0107i trajno i sistemsko rje\u0161enje"},"content":{"rendered":"<p><\/p>\n\n\n\n<p>Kako je naglasio Vuki\u0107, ukoliko je za zakonsko rje\u0161enje o neradnoj nedjelji glasalo 62 poslanika, postavlja se logi\u010dno pitanje \u2013 \u0161ta je sporno da se ovo pitanje trajno i nedvosmisleno defini\u0161e kroz izmjene Ustava Crne Gore, za \u0161ta je potrebna dvotre\u0107inska ve\u0107ina od 54 poslanika.<\/p>\n\n\n\n<p>&#8222;Pitanja koja se ti\u010du prava zaposlenih, dostojanstva rada, za\u0161tite porodice i socijalne stabilnosti ne smiju biti predmet privremenih rje\u0161enja koja zavise od budu\u0107ih sudskih odluka ili politi\u010dkih kalkulacija. Ustavno definisanje neradne nedjelje obezbijedilo bi trajnost, pravnu sigurnost i jasno\u0107u pravnog sistema u Crna Gora. Gra\u0111ani i zaposleni imaju pravo na stabilna i predvidiva rje\u0161enja, a ne na stalne izmjene koje stvaraju nesigurnost u poslovnom i dru\u0161tvenom ambijentu. Ako postoji kvalifikovana politi\u010dka volja izra\u017eena kroz podr\u0161ku ve\u0107ine poslanika, odgovorno je pokrenuti proces ustavnih izmjena i ovo pitanje rije\u0161iti na najvi\u0161em pravnom nivou&#8220;, ocijenio je Vuki\u0107.<\/p>\n\n\n\n<p>Pozvao je sve politi\u010dke subjekte da ovo pitanje posmatraju izvan dnevno-politi\u010dkih interesa i poka\u017eu spremnost za postizanje trajnog i sistemskog rje\u0161enja u interesu gra\u0111ana.<br><br>&#8222;Vrijeme je da se od privremenih i ad hok odluka pre\u0111e na ozbiljan, odr\u017eiv i institucionalno utemeljen pristup&#8220;, poru\u010dio je Vuki\u0107.<\/p>","protected":false},"excerpt":{"rendered":"<p>Generalni sekretar SNP-a Dragan Vuki\u0107 isti\u010de da je potrebno otvoriti ozbiljan i odgovoran dijalog o trajnom i sistemskom rje\u0161enju pitanja neradne nedjelje.<\/p>","protected":false},"author":16,"featured_media":905927,"comment_status":"open","ping_status":"open","sticky":false,"template":"","format":"standard","meta":{"_acf_changed":false,"footnotes":"","jetpack_publicize_message":"","jetpack_publicize_feature_enabled":true,"jetpack_social_post_already_shared":false,"jetpack_social_options":{"image_generator_settings":{"template":"highway","default_image_id":0,"font":"","enabled":false},"version":2}},"categories":[8],"tags":[18816,12010],"naslovna":[],"class_list":["post-905926","post","type-post","status-publish","format-standard","has-post-thumbnail","hentry","category-ekonomija","tag-dragan-vukic","tag-neradna-nedjelja"],"acf":[],"jetpack_publicize_connections":[],"_links":{"self":[{"href":"https:\/\/gradski.me\/en\/wp-json\/wp\/v2\/posts\/905926","targetHints":{"allow":["GET"]}}],"collection":[{"href":"https:\/\/gradski.me\/en\/wp-json\/wp\/v2\/posts"}],"about":[{"href":"https:\/\/gradski.me\/en\/wp-json\/wp\/v2\/types\/post"}],"author":[{"embeddable":true,"href":"https:\/\/gradski.me\/en\/wp-json\/wp\/v2\/users\/16"}],"replies":[{"embeddable":true,"href":"https:\/\/gradski.me\/en\/wp-json\/wp\/v2\/comments?post=905926"}],"version-history":[{"count":0,"href":"https:\/\/gradski.me\/en\/wp-json\/wp\/v2\/posts\/905926\/revisions"}],"wp:featuredmedia":[{"embeddable":true,"href":"https:\/\/gradski.me\/en\/wp-json\/wp\/v2\/media\/905927"}],"wp:attachment":[{"href":"https:\/\/gradski.me\/en\/wp-json\/wp\/v2\/media?parent=905926"}],"wp:term":[{"taxonomy":"category","embeddable":true,"href":"https:\/\/gradski.me\/en\/wp-json\/wp\/v2\/categories?post=905926"},{"taxonomy":"post_tag","embeddable":true,"href":"https:\/\/gradski.me\/en\/wp-json\/wp\/v2\/tags?post=905926"},{"taxonomy":"naslovna","embeddable":true,"href":"https:\/\/gradski.me\/en\/wp-json\/wp\/v2\/naslovna?post=905926"}],"curies":[{"name":"wp","href":"https:\/\/api.w.org\/{rel}","templated":true}]}}