{"id":905908,"date":"2026-02-17T18:33:17","date_gmt":"2026-02-17T17:33:17","guid":{"rendered":"https:\/\/new.gradski.me\/uncategorized\/susic-neosnovane-tvrdnje-o-opasnosti-od-uticaja-na-svjedoke-i-od-bjekstva-veceras-odluka-suda-o-bratic\/"},"modified":"2026-02-17T18:33:17","modified_gmt":"2026-02-17T17:33:17","slug":"susic-neosnovane-tvrdnje-o-opasnosti-od-uticaja-na-svjedoke-i-od-bjekstva-veceras-odluka-suda-o-bratic","status":"publish","type":"post","link":"https:\/\/gradski.me\/en\/hronika\/susic-neosnovane-tvrdnje-o-opasnosti-od-uticaja-na-svjedoke-i-od-bjekstva-veceras-odluka-suda-o-bratic\/","title":{"rendered":"\u0160u\u0161i\u0107: Unfounded claims about the risk of influencing witnesses and flight, court decision on Brati\u0107 tonight"},"content":{"rendered":"<p><\/p>\n\n\n\n<p>&#8222;Odbrana smatra da apsolutno ne postoji opasnost od bjekstva, budu\u0107i da je njen centar \u017eivotnih aktivnosti u Crnoj Gori, gdje je redovni profesor na Univerzitetu, \u0161to je pozicija koja se te\u0161ko sti\u010de, a lako gubi&#8220;, naveo je \u0160u\u0161i\u0107.<\/p>\n\n\n\n<p>\u0160u\u0161i\u0107 je istakao da smatraju da je potpuno neosnovana tvrdnja o postojanju opasnosti od uticaja na svjedoke, kao i od skrivanja i uni\u0161tavanja dokaza, budu\u0107i da, kako ka\u017eem ona ve\u0107 \u010detiri godine nije ministarka i nema nikakav odnos subordinacije prema tim situacijama na koje bi navodno mogla da uti\u010de.  Tako\u0111e, vo\u0111eni su i vode se postupci povodom spornih imenovanja.<\/p>\n\n\n\n<p>&#8222;U svakom slu\u010daju, ona je i ranije bila u prilici da bude u kontaktu sa tim situacijama, pa da je \u017eeljela da na njih uti\u010de, mogla je to u\u010diniti i ranije. Zbog toga vjerujemo da \u0107e sud donijeti odluku o daljem postupku u korist slobode. Odluka se o\u010dekuje ve\u010deras&#8220;, zaklju\u010dio je \u0160u\u0161i\u0107.<\/p>","protected":false},"excerpt":{"rendered":"<p>Advokat biv\u0161e ministarke Vesne Brati\u0107, Mitar \u0160u\u0161i\u0107 je istakao da njena odbrana smatra da  apsolutno ne postoji opasnost od bjekstva.<\/p>","protected":false},"author":16,"featured_media":905909,"comment_status":"open","ping_status":"open","sticky":false,"template":"","format":"standard","meta":{"_acf_changed":false,"footnotes":"","jetpack_publicize_message":"","jetpack_publicize_feature_enabled":true,"jetpack_social_post_already_shared":false,"jetpack_social_options":{"image_generator_settings":{"template":"highway","default_image_id":0,"font":"","enabled":false},"version":2}},"categories":[10],"tags":[3268,15453],"naslovna":[],"class_list":["post-905908","post","type-post","status-publish","format-standard","has-post-thumbnail","hentry","category-hronika","tag-mitar-susic","tag-vesna-bratic"],"acf":[],"jetpack_publicize_connections":[],"_links":{"self":[{"href":"https:\/\/gradski.me\/en\/wp-json\/wp\/v2\/posts\/905908","targetHints":{"allow":["GET"]}}],"collection":[{"href":"https:\/\/gradski.me\/en\/wp-json\/wp\/v2\/posts"}],"about":[{"href":"https:\/\/gradski.me\/en\/wp-json\/wp\/v2\/types\/post"}],"author":[{"embeddable":true,"href":"https:\/\/gradski.me\/en\/wp-json\/wp\/v2\/users\/16"}],"replies":[{"embeddable":true,"href":"https:\/\/gradski.me\/en\/wp-json\/wp\/v2\/comments?post=905908"}],"version-history":[{"count":0,"href":"https:\/\/gradski.me\/en\/wp-json\/wp\/v2\/posts\/905908\/revisions"}],"wp:featuredmedia":[{"embeddable":true,"href":"https:\/\/gradski.me\/en\/wp-json\/wp\/v2\/media\/905909"}],"wp:attachment":[{"href":"https:\/\/gradski.me\/en\/wp-json\/wp\/v2\/media?parent=905908"}],"wp:term":[{"taxonomy":"category","embeddable":true,"href":"https:\/\/gradski.me\/en\/wp-json\/wp\/v2\/categories?post=905908"},{"taxonomy":"post_tag","embeddable":true,"href":"https:\/\/gradski.me\/en\/wp-json\/wp\/v2\/tags?post=905908"},{"taxonomy":"naslovna","embeddable":true,"href":"https:\/\/gradski.me\/en\/wp-json\/wp\/v2\/naslovna?post=905908"}],"curies":[{"name":"wp","href":"https:\/\/api.w.org\/{rel}","templated":true}]}}