{"id":905864,"date":"2026-02-17T15:23:37","date_gmt":"2026-02-17T14:23:37","guid":{"rendered":"https:\/\/new.gradski.me\/uncategorized\/podrska-evropske-unije-glavnom-specijalnom-tuziocu-i-njegovom-timu\/"},"modified":"2026-02-17T15:23:37","modified_gmt":"2026-02-17T14:23:37","slug":"podrska-evropske-unije-glavnom-specijalnom-tuziocu-i-njegovom-timu","status":"publish","type":"post","link":"https:\/\/gradski.me\/en\/politika\/podrska-evropske-unije-glavnom-specijalnom-tuziocu-i-njegovom-timu\/","title":{"rendered":"European Union support to the Chief Special Prosecutor and his team"},"content":{"rendered":"<p><br><br><\/p>\n\n\n\n<p>\u201cTokom sastanka razgovarano je o rezultatima koje Specijalno dr\u017eavno tu\u017eila\u0161tvo ostvaruje u borbi protiv organizovanog kriminala i visoke korupcije, kao i o izazovima sa kojima se suo\u010dava u svakodnevnom radu. Komesar je pohvalio rad Specijalnog dr\u017eavnog tu\u017eila\u0161tva i istakao zna\u010daj kontinuirane i odlu\u010dne borbe protiv organizovanog kriminala i visoke korupcije. Tako\u0111e je naglasio da \u0107e Evropska unija nastaviti da pru\u017ea \u010dvrstu podr\u0161ku naporima Specijalnog dr\u017eavnog tu\u017eila\u0161tva u ovoj oblasti\u201d, navodi se u saop\u0161tenju tu\u017eila\u0161tva.<\/p>\n\n\n\n<p>Kako dodaju Glavni specijalni tu\u017eilac zahvalio se komesaru McGrathu na kontinuiranoj podr\u0161ci Evropske unije, posebno u segmentima izgradnje kapaciteta i ja\u010danja institucionalne efikasnosti, isti\u010du\u0107i da evropske integracije predstavljaju strate\u0161ki cilj i pravac daljeg razvoja kojem Crna Gora posve\u0107eno stremi.<\/p>\n\n\n\n<p>Sastanku su prisustvovali i \u0161ef Kabineta glavnog specijalnog tu\u017eioca Milan Daki\u0107, zamjenik \u0161efa Delegacija Evropske unije u Crnoj Gori Riccardo Serri, kao i saradnici komesara McGratha.<\/p>\n\n\n\n<p><\/p>","protected":false},"excerpt":{"rendered":"<p>Glavni specijalni tu\u017eilac Vladimir Novovi\u0107 danas je, u Vili \u201cGorica\u201d, odr\u017eao sastanak sa Nj. E. gospodinom Michael McGrathom, komesarom Evropske komisije za demokratiju, pravosu\u0111e, vladavinu prava i za\u0161titu potro\u0161a\u010da.<\/p>","protected":false},"author":5,"featured_media":905865,"comment_status":"open","ping_status":"open","sticky":false,"template":"","format":"standard","meta":{"_acf_changed":false,"footnotes":"","jetpack_publicize_message":"","jetpack_publicize_feature_enabled":true,"jetpack_social_post_already_shared":false,"jetpack_social_options":{"image_generator_settings":{"template":"highway","default_image_id":0,"font":"","enabled":false},"version":2}},"categories":[7],"tags":[183,5130],"naslovna":[],"class_list":["post-905864","post","type-post","status-publish","format-standard","has-post-thumbnail","hentry","category-politika","tag-sdt","tag-vladimir-novovic"],"acf":[],"jetpack_publicize_connections":[],"_links":{"self":[{"href":"https:\/\/gradski.me\/en\/wp-json\/wp\/v2\/posts\/905864","targetHints":{"allow":["GET"]}}],"collection":[{"href":"https:\/\/gradski.me\/en\/wp-json\/wp\/v2\/posts"}],"about":[{"href":"https:\/\/gradski.me\/en\/wp-json\/wp\/v2\/types\/post"}],"author":[{"embeddable":true,"href":"https:\/\/gradski.me\/en\/wp-json\/wp\/v2\/users\/5"}],"replies":[{"embeddable":true,"href":"https:\/\/gradski.me\/en\/wp-json\/wp\/v2\/comments?post=905864"}],"version-history":[{"count":0,"href":"https:\/\/gradski.me\/en\/wp-json\/wp\/v2\/posts\/905864\/revisions"}],"wp:featuredmedia":[{"embeddable":true,"href":"https:\/\/gradski.me\/en\/wp-json\/wp\/v2\/media\/905865"}],"wp:attachment":[{"href":"https:\/\/gradski.me\/en\/wp-json\/wp\/v2\/media?parent=905864"}],"wp:term":[{"taxonomy":"category","embeddable":true,"href":"https:\/\/gradski.me\/en\/wp-json\/wp\/v2\/categories?post=905864"},{"taxonomy":"post_tag","embeddable":true,"href":"https:\/\/gradski.me\/en\/wp-json\/wp\/v2\/tags?post=905864"},{"taxonomy":"naslovna","embeddable":true,"href":"https:\/\/gradski.me\/en\/wp-json\/wp\/v2\/naslovna?post=905864"}],"curies":[{"name":"wp","href":"https:\/\/api.w.org\/{rel}","templated":true}]}}