{"id":905821,"date":"2026-02-17T17:49:00","date_gmt":"2026-02-17T16:49:00","guid":{"rendered":"https:\/\/new.gradski.me\/uncategorized\/pokondirena-tikva-sjutra-na-sceni-tivatskog-teatra\/"},"modified":"2026-02-17T17:49:00","modified_gmt":"2026-02-17T16:49:00","slug":"pokondirena-tikva-sjutra-na-sceni-tivatskog-teatra","status":"publish","type":"post","link":"https:\/\/gradski.me\/en\/kultura\/pokondirena-tikva-sjutra-na-sceni-tivatskog-teatra\/","title":{"rendered":"&#8222;Pokondirena tikva&#8220; sjutra na sceni tivatskog teatra"},"content":{"rendered":"<p><\/p>\n\n\n\n<p>Adaptaciju i re\u017eiju za ovu predstavu potpisuje Olivera Viktorovi\u0107 \u0110ura\u0161kovi\u0107, dok prepoznatljivu gluma\u010dku ekipu \u010dine: Nata\u0161a Petrovi\u0107, Ivana Bartunjek, Predrag Grbi\u0107, Aleksandra Manasijevi\u0107, Branislav Mijatovi\u0107, Olivera Viktorovi\u0107 \u0110ura\u0161kovi\u0107, Milo\u0161 Tanaskovi\u0107, Gabrijel Be\u0107arevi\u0107.<\/p>\n\n\n\n<p>\u201cSvako vreme ima svoju \u201epokondirenu tikvu\u201c, pa tako i na\u0161e vreme ima \u201epokondirene tikve\u201c bilo da su one u mu\u0161kom ili \u017eenskom obliku,\u201c ka\u017ee rediteljka ovog komada. Za nju je Sterijina&nbsp;Pokondirena tikva&nbsp; pametna komedija iz koje se izvla\u010di neko naravou\u010denije, a&nbsp; pozori\u0161te u kome ovaj komad postavlja na scenu odlikuje dobra pozori\u0161na energija i dragocjeni ansambl. Pokondirena tikva je \u017eena, radnja se de\u0161ava u Vojvodini, ali kako to ka\u017ee rediteljka, sve je to \u201cmatrica po kojoj to mo\u017ee da se desi bilo gdje: u Zaje\u010daru, Negotinu, Kru\u0161evcu, Ni\u0161u, Beogradu, Subotici, Somboru, sasvim je svejedno.<\/p>\n\n\n\n<p>Potpuno sam sigurna da su to svevremenske komedije. Pro\u0161le su tolike godine od smrti Nu\u0161i\u0107a i Sterije, a njihove komedije i problemi koje tretiraju u njima su njihova iskustva iz onog vremena koja su na duhovit na\u010din prenesena na scenu. Sada se to isto de\u0161ava ali u nekom drugom pakovanju, tako da Fema i ministarki ima koliko ho\u0107ete. \u201c &nbsp;\u2013 smatra Olivera Viktorovi\u0107 \u0110ura\u0161kovi\u0107.<\/p>\n\n\n\n<p>Ulaznice se mogu kupiti online putem zvani\u010dnog sajta, kao i na blagajni Centra za kulturu Tivat od 10 do 14 \u010dasova, i dva sata prije po\u010detka predstave.<\/p>\n\n\n\n<p><\/p>","protected":false},"excerpt":{"rendered":"<p>Predstava \u201cPokondirena tikva\u201d, ra\u0111ena po tekstu Jovana Sterije \u00a0Popovi\u0107a, u produkciji NP Timo\u010dke krajine \u201cZoran Radmilovi\u0107\u201d iz Zaje\u010dara bi\u0107e izvedena sjutra s po\u010detkom u 20 \u010dasova u Velikoj sali Centra za kulturu u Tivtu.<\/p>","protected":false},"author":5,"featured_media":905822,"comment_status":"open","ping_status":"open","sticky":false,"template":"","format":"standard","meta":{"_acf_changed":false,"footnotes":"","jetpack_publicize_message":"","jetpack_publicize_feature_enabled":true,"jetpack_social_post_already_shared":false,"jetpack_social_options":{"image_generator_settings":{"template":"highway","default_image_id":0,"font":"","enabled":false},"version":2}},"categories":[11],"tags":[17293,19303,159],"naslovna":[],"class_list":["post-905821","post","type-post","status-publish","format-standard","has-post-thumbnail","hentry","category-kultura","tag-czk","tag-pokondirena-tikva","tag-tivat"],"acf":[],"jetpack_publicize_connections":[],"_links":{"self":[{"href":"https:\/\/gradski.me\/en\/wp-json\/wp\/v2\/posts\/905821","targetHints":{"allow":["GET"]}}],"collection":[{"href":"https:\/\/gradski.me\/en\/wp-json\/wp\/v2\/posts"}],"about":[{"href":"https:\/\/gradski.me\/en\/wp-json\/wp\/v2\/types\/post"}],"author":[{"embeddable":true,"href":"https:\/\/gradski.me\/en\/wp-json\/wp\/v2\/users\/5"}],"replies":[{"embeddable":true,"href":"https:\/\/gradski.me\/en\/wp-json\/wp\/v2\/comments?post=905821"}],"version-history":[{"count":0,"href":"https:\/\/gradski.me\/en\/wp-json\/wp\/v2\/posts\/905821\/revisions"}],"wp:featuredmedia":[{"embeddable":true,"href":"https:\/\/gradski.me\/en\/wp-json\/wp\/v2\/media\/905822"}],"wp:attachment":[{"href":"https:\/\/gradski.me\/en\/wp-json\/wp\/v2\/media?parent=905821"}],"wp:term":[{"taxonomy":"category","embeddable":true,"href":"https:\/\/gradski.me\/en\/wp-json\/wp\/v2\/categories?post=905821"},{"taxonomy":"post_tag","embeddable":true,"href":"https:\/\/gradski.me\/en\/wp-json\/wp\/v2\/tags?post=905821"},{"taxonomy":"naslovna","embeddable":true,"href":"https:\/\/gradski.me\/en\/wp-json\/wp\/v2\/naslovna?post=905821"}],"curies":[{"name":"wp","href":"https:\/\/api.w.org\/{rel}","templated":true}]}}