{"id":905817,"date":"2026-02-17T13:17:08","date_gmt":"2026-02-17T12:17:08","guid":{"rendered":"https:\/\/new.gradski.me\/uncategorized\/klikovac-jeste-li-culi-da-je-postojao-drugi-kanal\/"},"modified":"2026-02-17T13:17:08","modified_gmt":"2026-02-17T12:17:08","slug":"klikovac-jeste-li-culi-da-je-postojao-drugi-kanal","status":"publish","type":"post","link":"https:\/\/gradski.me\/en\/podgorica\/klikovac-jeste-li-culi-da-je-postojao-drugi-kanal\/","title":{"rendered":"Klikovac: Jeste li \u010duli da je postojao drugi kanal?"},"content":{"rendered":"<p><\/p>\n\n\n\n<p>&#8222;Ili mo\u017eda da pitate \u0160aranovi\u0107a da nije ovo AI poplava u Tolo\u0161e?, kazao je Klikovac.<\/p>","protected":false},"excerpt":{"rendered":"<p>Spalevi\u0107u, jeste li \u010duli da je za vrijeme Rimskog carstva mo\u017eda postojao jo\u0161 jedan kanal pa bi bilo dobro i da taj otkupate pa da vidite ho\u0107e li biti poplava? , kazao je odbornik DPS Andrija Klikovac u reagovanju na tekst objavljen na Portalu TV PG.<\/p>","protected":false},"author":8,"featured_media":905818,"comment_status":"open","ping_status":"open","sticky":false,"template":"","format":"standard","meta":{"_acf_changed":false,"footnotes":"","jetpack_publicize_message":"","jetpack_publicize_feature_enabled":true,"jetpack_social_post_already_shared":false,"jetpack_social_options":{"image_generator_settings":{"template":"highway","default_image_id":0,"font":"","enabled":false},"version":2}},"categories":[6],"tags":[88,3242],"naslovna":[],"class_list":["post-905817","post","type-post","status-publish","format-standard","has-post-thumbnail","hentry","category-podgorica","tag-dps","tag-klikovac"],"acf":[],"jetpack_publicize_connections":[],"_links":{"self":[{"href":"https:\/\/gradski.me\/en\/wp-json\/wp\/v2\/posts\/905817","targetHints":{"allow":["GET"]}}],"collection":[{"href":"https:\/\/gradski.me\/en\/wp-json\/wp\/v2\/posts"}],"about":[{"href":"https:\/\/gradski.me\/en\/wp-json\/wp\/v2\/types\/post"}],"author":[{"embeddable":true,"href":"https:\/\/gradski.me\/en\/wp-json\/wp\/v2\/users\/8"}],"replies":[{"embeddable":true,"href":"https:\/\/gradski.me\/en\/wp-json\/wp\/v2\/comments?post=905817"}],"version-history":[{"count":0,"href":"https:\/\/gradski.me\/en\/wp-json\/wp\/v2\/posts\/905817\/revisions"}],"wp:featuredmedia":[{"embeddable":true,"href":"https:\/\/gradski.me\/en\/wp-json\/wp\/v2\/media\/905818"}],"wp:attachment":[{"href":"https:\/\/gradski.me\/en\/wp-json\/wp\/v2\/media?parent=905817"}],"wp:term":[{"taxonomy":"category","embeddable":true,"href":"https:\/\/gradski.me\/en\/wp-json\/wp\/v2\/categories?post=905817"},{"taxonomy":"post_tag","embeddable":true,"href":"https:\/\/gradski.me\/en\/wp-json\/wp\/v2\/tags?post=905817"},{"taxonomy":"naslovna","embeddable":true,"href":"https:\/\/gradski.me\/en\/wp-json\/wp\/v2\/naslovna?post=905817"}],"curies":[{"name":"wp","href":"https:\/\/api.w.org\/{rel}","templated":true}]}}