{"id":905792,"date":"2026-02-17T12:59:00","date_gmt":"2026-02-17T11:59:00","guid":{"rendered":"https:\/\/new.gradski.me\/uncategorized\/mju-jedan-potpredsjednik-opstine-mora-postojati\/"},"modified":"2026-02-17T12:59:00","modified_gmt":"2026-02-17T11:59:00","slug":"mju-jedan-potpredsjednik-opstine-mora-postojati","status":"publish","type":"post","link":"https:\/\/gradski.me\/en\/politika\/mju-jedan-potpredsjednik-opstine-mora-postojati\/","title":{"rendered":"MPA: There must be one deputy mayor"},"content":{"rendered":"<p><\/p>\n\n\n\n<p><\/p>\n\n\n\n<p><\/p>\n\n\n\n<p>&#8222;A zakon nala\u017ee demokratske tekovine na lokalnom nivou, kroz obavezno postojanje jednog potpredsjednika op\u0161tine. Imaju op\u0161tine gdje da u\u0161tede novac za organe koji moraju da postoje. Upravna inspekcija MJU utvrdila je kako stoje stvari u op\u0161tinama, tako da je uvid u stanje svake op\u0161tine \u0161iri od onoga kako reaguju pojedini lokalni funkcioneri. Sada se nalazimo u fazi nadzora i rokova &#8211; i o\u010dekujemo ispunjavanje obaveza, kako bismo izbjegli dalje konsekvence&#8220;, kazali su iz MJU. <\/p>\n\n\n\n<p><\/p>","protected":false},"excerpt":{"rendered":"<p>Razumijemo pristup op\u0161tine Plav da \u0161to vi\u0161e novca ulo\u017ei u projekte, ali to nije bio predmet nadzora MJU. Naprotiv, zakonske i statutarne obaveze koje su zapravo instrumenti ostvarivanja prava gra\u0111ana na lokalnu samoupravu, ne mogu se tuma\u010diti kako kome odgovara &#8211; nego onako kako zakon nala\u017ee, saop\u0161teno je iz MJU.<\/p>","protected":false},"author":5,"featured_media":904555,"comment_status":"open","ping_status":"open","sticky":false,"template":"","format":"standard","meta":{"_acf_changed":false,"footnotes":"","jetpack_publicize_message":"","jetpack_publicize_feature_enabled":true,"jetpack_social_post_already_shared":false,"jetpack_social_options":{"image_generator_settings":{"template":"highway","default_image_id":0,"font":"","enabled":false},"version":2}},"categories":[7],"tags":[19299,5788],"naslovna":[],"class_list":["post-905792","post","type-post","status-publish","format-standard","has-post-thumbnail","hentry","category-politika","tag-jedan-potpredsjednik-opstine","tag-mju"],"acf":[],"jetpack_publicize_connections":[],"_links":{"self":[{"href":"https:\/\/gradski.me\/en\/wp-json\/wp\/v2\/posts\/905792","targetHints":{"allow":["GET"]}}],"collection":[{"href":"https:\/\/gradski.me\/en\/wp-json\/wp\/v2\/posts"}],"about":[{"href":"https:\/\/gradski.me\/en\/wp-json\/wp\/v2\/types\/post"}],"author":[{"embeddable":true,"href":"https:\/\/gradski.me\/en\/wp-json\/wp\/v2\/users\/5"}],"replies":[{"embeddable":true,"href":"https:\/\/gradski.me\/en\/wp-json\/wp\/v2\/comments?post=905792"}],"version-history":[{"count":0,"href":"https:\/\/gradski.me\/en\/wp-json\/wp\/v2\/posts\/905792\/revisions"}],"wp:featuredmedia":[{"embeddable":true,"href":"https:\/\/gradski.me\/en\/wp-json\/wp\/v2\/media\/904555"}],"wp:attachment":[{"href":"https:\/\/gradski.me\/en\/wp-json\/wp\/v2\/media?parent=905792"}],"wp:term":[{"taxonomy":"category","embeddable":true,"href":"https:\/\/gradski.me\/en\/wp-json\/wp\/v2\/categories?post=905792"},{"taxonomy":"post_tag","embeddable":true,"href":"https:\/\/gradski.me\/en\/wp-json\/wp\/v2\/tags?post=905792"},{"taxonomy":"naslovna","embeddable":true,"href":"https:\/\/gradski.me\/en\/wp-json\/wp\/v2\/naslovna?post=905792"}],"curies":[{"name":"wp","href":"https:\/\/api.w.org\/{rel}","templated":true}]}}