{"id":905686,"date":"2026-02-16T17:52:00","date_gmt":"2026-02-16T16:52:00","guid":{"rendered":"https:\/\/new.gradski.me\/uncategorized\/susic-bratic-negirala-krivicu-zalicemo-se-na-nakaradno-rjesenje-o-zadrzavanju\/"},"modified":"2026-02-16T17:52:00","modified_gmt":"2026-02-16T16:52:00","slug":"susic-bratic-negirala-krivicu-zalicemo-se-na-nakaradno-rjesenje-o-zadrzavanju","status":"publish","type":"post","link":"https:\/\/gradski.me\/en\/hronika\/susic-bratic-negirala-krivicu-zalicemo-se-na-nakaradno-rjesenje-o-zadrzavanju\/","title":{"rendered":"\u0160u\u0161i\u0107: Brati\u0107 denied guilt, we will appeal the bizarre detention decision"},"content":{"rendered":"<p><\/p>\n\n\n\n<p>&#8222;Tu pri\u010du o smjenama direktora slu\u0161amo godinama, posebno od jedne nevladine organizacije. Naravno da je negirala krivicu. Izjavi\u0107u \u017ealbu na rje\u0161enje o zadr\u017eavanju, jer je ono nakaradno, nema govora da Brati\u0107 mo\u017ee uticati na svjedoke, niti postoji opasnost od bjekstva. Tim prije \u0161to se radi o doga\u0111ajima od prije pet godina&#8220;, rekao je \u0160u\u0161i\u0107.<\/p>\n\n\n\n<p>Biv\u0161oj ministarki prosvjete, nauke, kulture i sporta Vesni Brati\u0107, nakon saslu\u0161anja u SDT-u, odre\u0111eno je zadr\u017eavanje do 72 sata.<\/p>\n\n\n\n<p>\u0160u\u0161i\u0107 poja\u0161njava da je Brati\u0107 osumnji\u010dena za zloupotrebu slu\u017ebenog polo\u017eaja, koja se, prema navodima tu\u017eila\u0161tva, ogleda u razrje\u0161enju direktora, o \u010demu jedan dio javnosti govori jo\u0161 od trenutka kada su ta razrje\u0161enja sprovedena.<\/p>\n\n\n\n<p>&#8222;Vjerujem da je i ovo dio \u010ditavog narativa koji je kreiran u Crnoj Gori u prethodnom periodu i koji, valjda, treba da disciplinuje \u017eenu koja je u tom trenutku radila svoj posao najbolje \u0161to je znala i umjela\u201c, kazao je \u0160u\u0161i\u0107.<\/p>\n\n\n\n<p>Navodi da &#8222;ostaje gorak ukus da se sve de\u0161ava sada&#8220;.<\/p>\n\n\n\n<p>Brati\u0107 je uhap\u0161ena u popodnevnim satima, nakon \u010dega je saslu\u0161ana u Specijalnom policijskom odjeljenju (SPO), a oko 15 sati sprovedena je na saslu\u0161anje u Specijalno dr\u017eavno tu\u017eila\u0161tvo (SDT), po \u010dijem nalogu je i uhap\u0161ena. Zadr\u017eavanje do 72 sata joj je odre\u0111eno zbog opasnosti od bjekstva i uticanja na svjedoke.<\/p>\n\n\n\n<figure class=\"wp-block-embed is-type-wp-embed is-provider-gradski-portal wp-block-embed-gradski-portal\"><div class=\"wp-block-embed__wrapper\">\n<blockquote class=\"wp-embedded-content\" data-secret=\"ALiATAegjz\"><a href=\"https:\/\/gradski.me\/en\/uhapsena-vesna-bratic\/\">(VIDEO) Vesni Brati\u0107 zadr\u017eavanje do 72 sata<\/a><\/blockquote><iframe class=\"wp-embedded-content\" sandbox=\"allow-scripts\" security=\"restricted\" style=\"position: absolute; visibility: hidden;\" title=\"&#132;(VIDEO) Vesni Brati\u0107 zadr\u017eavanje do 72 sata&#147; &#8212; Gradski portal\" src=\"https:\/\/gradski.me\/uhapsena-vesna-bratic\/embed\/#?secret=yC77QMLFsX#?secret=ALiATAegjz\" data-secret=\"ALiATAegjz\" width=\"600\" height=\"338\" frameborder=\"0\" marginwidth=\"0\" marginheight=\"0\" scrolling=\"no\"><\/iframe>\n<\/div><\/figure>","protected":false},"excerpt":{"rendered":"<p>Advokat biv\u0161e ministarke, Mitar \u0160u\u0161i\u0107 rekao je da je prosto nevjerovatno kakve se optu\u017ebe stavljaju na teret Vesni Brati\u0107, te da je ona negirala krivicu.<\/p>","protected":false},"author":4,"featured_media":902452,"comment_status":"open","ping_status":"open","sticky":false,"template":"","format":"standard","meta":{"_acf_changed":false,"footnotes":"","jetpack_publicize_message":"","jetpack_publicize_feature_enabled":true,"jetpack_social_post_already_shared":false,"jetpack_social_options":{"image_generator_settings":{"template":"highway","default_image_id":0,"font":"","enabled":false},"version":2}},"categories":[10],"tags":[3268,15453],"naslovna":[],"class_list":["post-905686","post","type-post","status-publish","format-standard","has-post-thumbnail","hentry","category-hronika","tag-mitar-susic","tag-vesna-bratic"],"acf":[],"jetpack_publicize_connections":[],"_links":{"self":[{"href":"https:\/\/gradski.me\/en\/wp-json\/wp\/v2\/posts\/905686","targetHints":{"allow":["GET"]}}],"collection":[{"href":"https:\/\/gradski.me\/en\/wp-json\/wp\/v2\/posts"}],"about":[{"href":"https:\/\/gradski.me\/en\/wp-json\/wp\/v2\/types\/post"}],"author":[{"embeddable":true,"href":"https:\/\/gradski.me\/en\/wp-json\/wp\/v2\/users\/4"}],"replies":[{"embeddable":true,"href":"https:\/\/gradski.me\/en\/wp-json\/wp\/v2\/comments?post=905686"}],"version-history":[{"count":0,"href":"https:\/\/gradski.me\/en\/wp-json\/wp\/v2\/posts\/905686\/revisions"}],"wp:featuredmedia":[{"embeddable":true,"href":"https:\/\/gradski.me\/en\/wp-json\/wp\/v2\/media\/902452"}],"wp:attachment":[{"href":"https:\/\/gradski.me\/en\/wp-json\/wp\/v2\/media?parent=905686"}],"wp:term":[{"taxonomy":"category","embeddable":true,"href":"https:\/\/gradski.me\/en\/wp-json\/wp\/v2\/categories?post=905686"},{"taxonomy":"post_tag","embeddable":true,"href":"https:\/\/gradski.me\/en\/wp-json\/wp\/v2\/tags?post=905686"},{"taxonomy":"naslovna","embeddable":true,"href":"https:\/\/gradski.me\/en\/wp-json\/wp\/v2\/naslovna?post=905686"}],"curies":[{"name":"wp","href":"https:\/\/api.w.org\/{rel}","templated":true}]}}