{"id":905661,"date":"2026-02-16T16:48:00","date_gmt":"2026-02-16T15:48:00","guid":{"rendered":"https:\/\/new.gradski.me\/uncategorized\/ceman-osloboditi-poslodavce-od-placanja-doprinosa-prilikom-zaposljavanja-lica-koja-su-dugo-na-birou\/"},"modified":"2026-02-16T16:48:00","modified_gmt":"2026-02-16T15:48:00","slug":"ceman-osloboditi-poslodavce-od-placanja-doprinosa-prilikom-zaposljavanja-lica-koja-su-dugo-na-birou","status":"publish","type":"post","link":"https:\/\/gradski.me\/en\/ekonomija\/ceman-osloboditi-poslodavce-od-placanja-doprinosa-prilikom-zaposljavanja-lica-koja-su-dugo-na-birou\/","title":{"rendered":"\u0106eman: Osloboditi poslodavce od pla\u0107anja doprinosa prilikom zapo\u0161ljavanja lica koja su dugo na birou"},"content":{"rendered":"<p><\/p>\n\n\n\n<p><\/p>\n\n\n\n<p>Pravo na osloba\u0111anje od pla\u0107anja doprinosa se, kako navodi, priznaje poslodavcu do visine osnovice za minimalnu zaradu.<\/p>\n\n\n\n<p>&#8222;Predlo\u017eenim zakonskim rje\u0161enjem \u0107e se podsta\u0107i zapo\u0161ljavanje te\u017ee zapo\u0161ljivih lica i omogu\u0107iti ostvarivanje prava na minimalnu penziju. Na ovaj na\u010din \u0107emo smanjiti nezaposlenost, koja je naro\u010dito zastupljena na sjeveru na\u0161e zemlje&#8220;, kazao je \u0106eman.<\/p>\n\n\n\n<p>Rje\u0161enje poslodavcu o poreskom osloba\u0111anju, kako ka\u017ee, izdava\u0107e podru\u010dni organ Poreske uprave na osnovu potvrde Zavoda za zapo\u0161ljavanje Crne Gore o du\u017eini tra\u017eenja posla.<\/p>\n\n\n\n<p>&#8222;Ako je poreski obveznik (poslodavac) korisnik dr\u017eavne pomo\u0107i u skladu sa posebnim propisom, odnosno ostvario je pravo na poresko oslobo\u0111enje ili subvencije za novozaposlena lica po nekom drugom osnovu, ne\u0107e imati pravo na osloba\u0111anje po ovom osnovu&#8220;, naveo je \u0106eman.<\/p>\n\n\n\n<p>Navodi da \u0107e Demokratska Crna Gora nastaviti sa predlaganjem onih zakonskih rje\u0161enja koja \u0107e ispraviti nepravde iz prethodnog perioda, smanjiti nezaposlenost i podi\u0107i \u017eivotni standard na\u0161ih gra\u0111ana.<\/p>","protected":false},"excerpt":{"rendered":"<p>Poslanik Demokrata, Albin \u0106eman predao je danas u skup\u0161tinsku proceduru Predlog zakona o izmjenama i dopunama Zakona o obaveznom socijalnom osiguranju kojim \u0107e se omogu\u0107iti pravo na osloba\u0111anje od pla\u0107anja doprinosa poslodavcu koji zaposli lice koje se nalazi na evidenciji Zavoda za zapo\u0161ljavanje du\u017ee od 8 godina.<\/p>","protected":false},"author":4,"featured_media":905662,"comment_status":"open","ping_status":"open","sticky":false,"template":"","format":"standard","meta":{"_acf_changed":false,"footnotes":"","jetpack_publicize_message":"","jetpack_publicize_feature_enabled":true,"jetpack_social_post_already_shared":false,"jetpack_social_options":{"image_generator_settings":{"template":"highway","default_image_id":0,"font":"","enabled":false},"version":2}},"categories":[8],"tags":[101,15696,868,7266],"naslovna":[],"class_list":["post-905661","post","type-post","status-publish","format-standard","has-post-thumbnail","hentry","category-ekonomija","tag-albin-ceman","tag-biro","tag-demokrate","tag-poslodavci"],"acf":[],"jetpack_publicize_connections":[],"_links":{"self":[{"href":"https:\/\/gradski.me\/en\/wp-json\/wp\/v2\/posts\/905661","targetHints":{"allow":["GET"]}}],"collection":[{"href":"https:\/\/gradski.me\/en\/wp-json\/wp\/v2\/posts"}],"about":[{"href":"https:\/\/gradski.me\/en\/wp-json\/wp\/v2\/types\/post"}],"author":[{"embeddable":true,"href":"https:\/\/gradski.me\/en\/wp-json\/wp\/v2\/users\/4"}],"replies":[{"embeddable":true,"href":"https:\/\/gradski.me\/en\/wp-json\/wp\/v2\/comments?post=905661"}],"version-history":[{"count":0,"href":"https:\/\/gradski.me\/en\/wp-json\/wp\/v2\/posts\/905661\/revisions"}],"wp:featuredmedia":[{"embeddable":true,"href":"https:\/\/gradski.me\/en\/wp-json\/wp\/v2\/media\/905662"}],"wp:attachment":[{"href":"https:\/\/gradski.me\/en\/wp-json\/wp\/v2\/media?parent=905661"}],"wp:term":[{"taxonomy":"category","embeddable":true,"href":"https:\/\/gradski.me\/en\/wp-json\/wp\/v2\/categories?post=905661"},{"taxonomy":"post_tag","embeddable":true,"href":"https:\/\/gradski.me\/en\/wp-json\/wp\/v2\/tags?post=905661"},{"taxonomy":"naslovna","embeddable":true,"href":"https:\/\/gradski.me\/en\/wp-json\/wp\/v2\/naslovna?post=905661"}],"curies":[{"name":"wp","href":"https:\/\/api.w.org\/{rel}","templated":true}]}}