{"id":905538,"date":"2026-02-16T10:25:00","date_gmt":"2026-02-16T09:25:00","guid":{"rendered":"https:\/\/new.gradski.me\/uncategorized\/bivsi-ukrajinski-ministar-energetike-german-galuscenko-optuzen-za-pranje-novca\/"},"modified":"2026-02-16T10:25:00","modified_gmt":"2026-02-16T09:25:00","slug":"bivsi-ukrajinski-ministar-energetike-german-galuscenko-optuzen-za-pranje-novca","status":"publish","type":"post","link":"https:\/\/gradski.me\/en\/svijet\/bivsi-ukrajinski-ministar-energetike-german-galuscenko-optuzen-za-pranje-novca\/","title":{"rendered":"Biv\u0161i ukrajinski ministar energetike German Galu\u0161\u010denko optu\u017een za pranje novca"},"content":{"rendered":"<p><a href=\"https:\/\/www.facebook.com\/share.php?u=https:\/\/rts.rs\/lat\/vesti\/ratu-u-ukrajini\/5888542\/rat-u-ukrajini-1454-dan-16-februar-2026-rusija.html?sid=617470\" target=\"_blank\" rel=\"noopener\"><\/a><a href=\"https:\/\/twitter.com\/share\" target=\"_blank\" rel=\"noopener\"><\/a><a href=\"https:\/\/www.linkedin.com\/shareArticle?mini=true&amp;url=https:\/\/rts.rs\/lat\/vesti\/ratu-u-ukrajini\/5888542\/rat-u-ukrajini-1454-dan-16-februar-2026-rusija.html?sid=617470&amp;title=&amp;source=rts.rs\" target=\"_blank\" rel=\"noopener\"><\/a>Tu\u017eila\u0161tvo je objavilo na Telegramu da je Galu\u0161\u010denko obavije\u0161ten da je optu\u017een za navedena krivi\u010dna djela, prenio je Ukrinform.<\/p>\n\n\n\n<p>Ukrajinski Nacionalni biro za borbu protiv korupcije (NABU) saop\u0161tio je da je istraga u toku i da biro sara\u0111uje sa 15 zemalja.<\/p>\n\n\n\n<p>NABU je priveo biv\u0161eg ministra energetike prilikom prelaska granice u nedelju.<\/p>\n\n\n\n<p>Biro je 10. novembra objavio specijalnu operaciju za razotkrivanje korupcije u energetskom sektoru.<\/p>\n\n\n\n<p><\/p>","protected":false},"excerpt":{"rendered":"<p>Biv\u0161i ukrajinski ministar energetike German Galu\u0161\u010denko optu\u017een je za pranje novca i u\u010de\u0161\u0107e u kriminalnoj organizaciji, saop\u0161tillo je ukrajinsko Specijalizovano tu\u017eila\u0161tvo za borbu protiv korupcije.<\/p>","protected":false},"author":1,"featured_media":896902,"comment_status":"open","ping_status":"open","sticky":false,"template":"","format":"standard","meta":{"_acf_changed":false,"footnotes":"","jetpack_publicize_message":"","jetpack_publicize_feature_enabled":true,"jetpack_social_post_already_shared":false,"jetpack_social_options":{"image_generator_settings":{"template":"highway","default_image_id":0,"font":"","enabled":false},"version":2}},"categories":[14],"tags":[19202,4796,5614,300],"naslovna":[],"class_list":["post-905538","post","type-post","status-publish","format-standard","has-post-thumbnail","hentry","category-svijet","tag-german-galuscenko","tag-optuznica","tag-pranje-novca","tag-ukrajina"],"acf":[],"jetpack_publicize_connections":[],"_links":{"self":[{"href":"https:\/\/gradski.me\/en\/wp-json\/wp\/v2\/posts\/905538","targetHints":{"allow":["GET"]}}],"collection":[{"href":"https:\/\/gradski.me\/en\/wp-json\/wp\/v2\/posts"}],"about":[{"href":"https:\/\/gradski.me\/en\/wp-json\/wp\/v2\/types\/post"}],"author":[{"embeddable":true,"href":"https:\/\/gradski.me\/en\/wp-json\/wp\/v2\/users\/1"}],"replies":[{"embeddable":true,"href":"https:\/\/gradski.me\/en\/wp-json\/wp\/v2\/comments?post=905538"}],"version-history":[{"count":0,"href":"https:\/\/gradski.me\/en\/wp-json\/wp\/v2\/posts\/905538\/revisions"}],"wp:featuredmedia":[{"embeddable":true,"href":"https:\/\/gradski.me\/en\/wp-json\/wp\/v2\/media\/896902"}],"wp:attachment":[{"href":"https:\/\/gradski.me\/en\/wp-json\/wp\/v2\/media?parent=905538"}],"wp:term":[{"taxonomy":"category","embeddable":true,"href":"https:\/\/gradski.me\/en\/wp-json\/wp\/v2\/categories?post=905538"},{"taxonomy":"post_tag","embeddable":true,"href":"https:\/\/gradski.me\/en\/wp-json\/wp\/v2\/tags?post=905538"},{"taxonomy":"naslovna","embeddable":true,"href":"https:\/\/gradski.me\/en\/wp-json\/wp\/v2\/naslovna?post=905538"}],"curies":[{"name":"wp","href":"https:\/\/api.w.org\/{rel}","templated":true}]}}