{"id":905376,"date":"2026-02-15T11:54:00","date_gmt":"2026-02-15T10:54:00","guid":{"rendered":"https:\/\/new.gradski.me\/uncategorized\/knezevic-cestitao-dan-drzavnosti-srbije\/"},"modified":"2026-02-15T11:54:00","modified_gmt":"2026-02-15T10:54:00","slug":"knezevic-cestitao-dan-drzavnosti-srbije","status":"publish","type":"post","link":"https:\/\/gradski.me\/en\/politika\/knezevic-cestitao-dan-drzavnosti-srbije\/","title":{"rendered":"Kne\u017eevi\u0107 \u010destitao Dan dr\u017eavnosti Srbije"},"content":{"rendered":"<p>&#8222;Kne\u017eevi\u0107 nagla\u0161ava da pored brojnih \u010destitki iz svijeta povodom Sretenja \u2013 Dana dr\u017eavnosti, poseban respekt zaslu\u017euju i \u010destitke iz okru\u017eenja s adresa svih bratskih dr\u017eava, koje srpskom narodu \u017eele dobro i dalji prosperitet Srbije na njenom nezadr\u017eivom putu sveop\u0161teg razvoja&#8220;, navodi se u saop\u0161tenju.<\/p>\n\n\n\n<p>Ovim svijetlim povodom, zaklju\u010duju, &#8222;predsjednik DNP-a nagla\u0161ava da nezavisna i suverena politika zvani\u010dne Srbije treba da bude primjer svim dr\u017eavama regiona u vremenu globalnih izazova&#8220;.<\/p>\n\n\n\n<p><\/p>","protected":false},"excerpt":{"rendered":"<p>Iskazuju\u0107i iskreno zadovoljstvo \u0161to su predsjedniku Republike Srbije, Aleksandru Vu\u010di\u0107u, povodom Dana dr\u017eavnosti, u znak respekta prema Srbiji, srpskom narodu i mjestu Srbije u svjetskim okvirima, stigle \u010destitke sa najvi\u0161ih svjetskih adresa iz vi\u0161e od dvadeset zemalja, me\u0111u kojima i predsjednika SAD Donalda Trampa i predsjednika Ruske Federacije Vladimira Putina, predsjednik DNP-a upu\u0107uje \u010destitke povodom Dana dr\u017eavnosti predsjedniku Aleksandru Vu\u010di\u0107u, predsjedniku Vlade dr \u0110uru Macutu i svim gra\u0111anima Republike Srbije, saop\u0161teno je iz Demokratske narode partije (DNP).<\/p>","protected":false},"author":1,"featured_media":903414,"comment_status":"open","ping_status":"open","sticky":false,"template":"","format":"standard","meta":{"_acf_changed":false,"footnotes":"","jetpack_publicize_message":"","jetpack_publicize_feature_enabled":true,"jetpack_social_post_already_shared":false,"jetpack_social_options":{"image_generator_settings":{"template":"highway","default_image_id":0,"font":"","enabled":false},"version":2}},"categories":[7],"tags":[786,13447,98,533],"naslovna":[],"class_list":["post-905376","post","type-post","status-publish","format-standard","has-post-thumbnail","hentry","category-politika","tag-cestitka","tag-dan-drzavnosti","tag-milan-knezevic","tag-srbija"],"acf":[],"jetpack_publicize_connections":[],"_links":{"self":[{"href":"https:\/\/gradski.me\/en\/wp-json\/wp\/v2\/posts\/905376","targetHints":{"allow":["GET"]}}],"collection":[{"href":"https:\/\/gradski.me\/en\/wp-json\/wp\/v2\/posts"}],"about":[{"href":"https:\/\/gradski.me\/en\/wp-json\/wp\/v2\/types\/post"}],"author":[{"embeddable":true,"href":"https:\/\/gradski.me\/en\/wp-json\/wp\/v2\/users\/1"}],"replies":[{"embeddable":true,"href":"https:\/\/gradski.me\/en\/wp-json\/wp\/v2\/comments?post=905376"}],"version-history":[{"count":0,"href":"https:\/\/gradski.me\/en\/wp-json\/wp\/v2\/posts\/905376\/revisions"}],"wp:featuredmedia":[{"embeddable":true,"href":"https:\/\/gradski.me\/en\/wp-json\/wp\/v2\/media\/903414"}],"wp:attachment":[{"href":"https:\/\/gradski.me\/en\/wp-json\/wp\/v2\/media?parent=905376"}],"wp:term":[{"taxonomy":"category","embeddable":true,"href":"https:\/\/gradski.me\/en\/wp-json\/wp\/v2\/categories?post=905376"},{"taxonomy":"post_tag","embeddable":true,"href":"https:\/\/gradski.me\/en\/wp-json\/wp\/v2\/tags?post=905376"},{"taxonomy":"naslovna","embeddable":true,"href":"https:\/\/gradski.me\/en\/wp-json\/wp\/v2\/naslovna?post=905376"}],"curies":[{"name":"wp","href":"https:\/\/api.w.org\/{rel}","templated":true}]}}