{"id":905261,"date":"2026-02-14T16:07:40","date_gmt":"2026-02-14T15:07:40","guid":{"rendered":"https:\/\/new.gradski.me\/uncategorized\/u-niksicu-pronadjen-maloljetnik-koji-je-pobjegao-iz-ju-centra-za-djecu-i-mlade-ljubovic\/"},"modified":"2026-02-14T16:07:40","modified_gmt":"2026-02-14T15:07:40","slug":"u-niksicu-pronadjen-maloljetnik-koji-je-pobjegao-iz-ju-centra-za-djecu-i-mlade-ljubovic","status":"publish","type":"post","link":"https:\/\/gradski.me\/en\/hronika\/u-niksicu-pronadjen-maloljetnik-koji-je-pobjegao-iz-ju-centra-za-djecu-i-mlade-ljubovic\/","title":{"rendered":"U Nik\u0161i\u0107u prona\u0111en maloljetnik koji je pobjegao iz JU Centra za djecu i mlade \u201eLjubovi\u0107\u201c"},"content":{"rendered":"<p>&#8222;Dje\u010dak je prona\u0111en u Nik\u0161i\u0107u, a potom je doveden u prostorije Odjeljenja bezbjednosti Nik\u0161i\u0107. Policija \u0107e dalje mjere i radnje preduzimati u saradnji sa JU Centar za djecu i mlade \u201eLjubovi\u0107\u201c \u010diji je on \u0161ti\u0107enik&#8220;;\u017e, navodi se u saop\u0161tenju.<\/p>\n\n\n\n<p>Maloljetnik star 13 godina udaljio se iz Centra \u201eLjubovi\u0107\u201c 10.02.2026. godine, nakon \u010dega je doga\u0111aj prijavljen Policiji i od kada su policijski slu\u017ebenici preduzimali aktivnosti na njegovom pronalasku koje su danas uspje\u0161no okon\u010dane.<\/p>\n\n\n\n<p><\/p>","protected":false},"excerpt":{"rendered":"<p>Slu\u017ebenici Odjeljenja bezbjednosti Nik\u0161i\u0107 prona\u0161li su danas maloljetno lice staro 13 godina iz Nik\u0161i\u0107a, koje se prije nekoliko dana udaljilo iz JU Centra za djecu i mlade \u201eLjubovi\u0107\u201c u Podgorici, saop\u0161teno je iz Uprave policije.<\/p>","protected":false},"author":1,"featured_media":896565,"comment_status":"open","ping_status":"open","sticky":false,"template":"","format":"standard","meta":{"_acf_changed":false,"footnotes":"","jetpack_publicize_message":"","jetpack_publicize_feature_enabled":true,"jetpack_social_post_already_shared":false,"jetpack_social_options":{"image_generator_settings":{"template":"highway","default_image_id":0,"font":"","enabled":false},"version":2}},"categories":[10],"tags":[2969,174,14868],"naslovna":[],"class_list":["post-905261","post","type-post","status-publish","format-standard","has-post-thumbnail","hentry","category-hronika","tag-hronika","tag-policija","tag-potraga"],"acf":[],"jetpack_publicize_connections":[],"_links":{"self":[{"href":"https:\/\/gradski.me\/en\/wp-json\/wp\/v2\/posts\/905261","targetHints":{"allow":["GET"]}}],"collection":[{"href":"https:\/\/gradski.me\/en\/wp-json\/wp\/v2\/posts"}],"about":[{"href":"https:\/\/gradski.me\/en\/wp-json\/wp\/v2\/types\/post"}],"author":[{"embeddable":true,"href":"https:\/\/gradski.me\/en\/wp-json\/wp\/v2\/users\/1"}],"replies":[{"embeddable":true,"href":"https:\/\/gradski.me\/en\/wp-json\/wp\/v2\/comments?post=905261"}],"version-history":[{"count":0,"href":"https:\/\/gradski.me\/en\/wp-json\/wp\/v2\/posts\/905261\/revisions"}],"wp:featuredmedia":[{"embeddable":true,"href":"https:\/\/gradski.me\/en\/wp-json\/wp\/v2\/media\/896565"}],"wp:attachment":[{"href":"https:\/\/gradski.me\/en\/wp-json\/wp\/v2\/media?parent=905261"}],"wp:term":[{"taxonomy":"category","embeddable":true,"href":"https:\/\/gradski.me\/en\/wp-json\/wp\/v2\/categories?post=905261"},{"taxonomy":"post_tag","embeddable":true,"href":"https:\/\/gradski.me\/en\/wp-json\/wp\/v2\/tags?post=905261"},{"taxonomy":"naslovna","embeddable":true,"href":"https:\/\/gradski.me\/en\/wp-json\/wp\/v2\/naslovna?post=905261"}],"curies":[{"name":"wp","href":"https:\/\/api.w.org\/{rel}","templated":true}]}}