{"id":905121,"date":"2026-02-13T18:00:00","date_gmt":"2026-02-13T17:00:00","guid":{"rendered":"https:\/\/new.gradski.me\/uncategorized\/video-unija-poslodavaca-poslodavci-i-preduzetnici-imaju-pravo-da-odluce-da-li-ce-raditi-nedjeljom\/"},"modified":"2026-02-13T18:00:00","modified_gmt":"2026-02-13T17:00:00","slug":"video-unija-poslodavaca-poslodavci-i-preduzetnici-imaju-pravo-da-odluce-da-li-ce-raditi-nedjeljom","status":"publish","type":"post","link":"https:\/\/gradski.me\/en\/ekonomija\/video-unija-poslodavaca-poslodavci-i-preduzetnici-imaju-pravo-da-odluce-da-li-ce-raditi-nedjeljom\/","title":{"rendered":"(VIDEO) Unija poslodavaca: Poslodavci i preduzetnici imaju pravo da odlu\u010de da li \u0107e raditi nedjeljom"},"content":{"rendered":"<p><br><br>Iako je Ustavni sud ukinuo zabranu rada nedjeljom i time otvorio mogu\u0107nost da trgovine ponovo rade, iz nekoliko velikih trgova\u010dkih lanaca &#8211; Big fashion, Voli, Idea, Aroma poru\u010duju da objekte tog dana ne\u0107e otvarati. To je njihovo legitimno pravo, ka\u017eu u Uniji poslodavaca, ali upozoravaju da bi eventualno novo zakonsko ograni\u010denje ponovo otvorilo pitanje ustavnosti.<\/p>\n\n\n\n<p>&#8222;Nakon odluke Ustavnog suda, donijete po inicijativi Unije poslodavaca, \u00a0kojom je odredba o zabrani rada nedjeljom progla\u0161ena neustavnom, svi poslodavci i preduzetnici imaju pravo da, u skladu sa sopstvenim poslovnim procjenama, odlu\u010de da li \u0107e organizovati rad nedjeljom. Podsje\u0107amo da \u0107e Skup\u0161tina ve\u0107 u ponedjeljak 16, februara, razmatrati inicijativu poslani\u010dkog kluba PES-a, kojom se su\u0161tinski ponavlja norma koja je progla\u0161ena neustavnom. Ukoliko takvo rje\u0161enje bude usvojeno, Unija poslodavaca \u0107e, kao i prije \u0161est godina, iskoristiti raspolo\u017eiva pravna i institucionalna sredstva, radi za\u0161tite ustavnosti i pravne sigurnosti&#8220;, poru\u010dili su iz Unije poslodavaca.<\/p>\n\n\n\n<p>Kona\u010dno rje\u0161enje o radu nedjeljom o\u010dekuje se nakon sjednice Skup\u0161tine i nastavka dijaloga izme\u0111u Vlade, poslodavaca i sindikata.<\/p>\n\n\n\n<p>A me\u0111u gra\u0111anima su mi\u0161ljenja o radu trgovina nedjeljom podijeljena, anketu pogledajte u prilogu.<\/p>\n\n\n\n<figure class=\"wp-block-embed is-type-video is-provider-youtube wp-block-embed-youtube wp-embed-aspect-16-9 wp-has-aspect-ratio\"><div class=\"wp-block-embed__wrapper\">\n<iframe title=\"Kona\u010dno rje\u0161enje o radu nedjeljom o\u010dekuje se nakon sjednice Skup\u0161tine\" width=\"800\" height=\"450\" src=\"https:\/\/www.youtube.com\/embed\/eSYWTgqY9uo?feature=oembed\" frameborder=\"0\" allow=\"accelerometer; autoplay; clipboard-write; encrypted-media; gyroscope; picture-in-picture; web-share\" referrerpolicy=\"strict-origin-when-cross-origin\" allowfullscreen><\/iframe>\n<\/div><\/figure>","protected":false},"excerpt":{"rendered":"<p>Iako vi\u0161e nema zakonskih prepreka da nedjelja 15. februar u Crnoj Gori bude prva radna za trgovine nakon vi\u0161e od \u0161est godina, ve\u0107ina velikih trgova\u010dkih lanaca najavila je da ne\u0107e otvoriti svoje objekte. Kako na sve gledaju iz Unije poslodavaca i \u0161ta o radu nedjeljom misle gra\u0111ani \u2013 pogledajte u narednom prilogu.<\/p>","protected":false},"author":16,"featured_media":904377,"comment_status":"open","ping_status":"open","sticky":false,"template":"","format":"standard","meta":{"_acf_changed":false,"footnotes":"","jetpack_publicize_message":"","jetpack_publicize_feature_enabled":true,"jetpack_social_post_already_shared":false,"jetpack_social_options":{"image_generator_settings":{"template":"highway","default_image_id":0,"font":"","enabled":false},"version":2}},"categories":[8],"tags":[18003,11623],"naslovna":[],"class_list":["post-905121","post","type-post","status-publish","format-standard","has-post-thumbnail","hentry","category-ekonomija","tag-rad-nedjeljom","tag-unija-poslodavaca"],"acf":[],"jetpack_publicize_connections":[],"_links":{"self":[{"href":"https:\/\/gradski.me\/en\/wp-json\/wp\/v2\/posts\/905121","targetHints":{"allow":["GET"]}}],"collection":[{"href":"https:\/\/gradski.me\/en\/wp-json\/wp\/v2\/posts"}],"about":[{"href":"https:\/\/gradski.me\/en\/wp-json\/wp\/v2\/types\/post"}],"author":[{"embeddable":true,"href":"https:\/\/gradski.me\/en\/wp-json\/wp\/v2\/users\/16"}],"replies":[{"embeddable":true,"href":"https:\/\/gradski.me\/en\/wp-json\/wp\/v2\/comments?post=905121"}],"version-history":[{"count":0,"href":"https:\/\/gradski.me\/en\/wp-json\/wp\/v2\/posts\/905121\/revisions"}],"wp:featuredmedia":[{"embeddable":true,"href":"https:\/\/gradski.me\/en\/wp-json\/wp\/v2\/media\/904377"}],"wp:attachment":[{"href":"https:\/\/gradski.me\/en\/wp-json\/wp\/v2\/media?parent=905121"}],"wp:term":[{"taxonomy":"category","embeddable":true,"href":"https:\/\/gradski.me\/en\/wp-json\/wp\/v2\/categories?post=905121"},{"taxonomy":"post_tag","embeddable":true,"href":"https:\/\/gradski.me\/en\/wp-json\/wp\/v2\/tags?post=905121"},{"taxonomy":"naslovna","embeddable":true,"href":"https:\/\/gradski.me\/en\/wp-json\/wp\/v2\/naslovna?post=905121"}],"curies":[{"name":"wp","href":"https:\/\/api.w.org\/{rel}","templated":true}]}}