{"id":905098,"date":"2026-02-13T17:46:00","date_gmt":"2026-02-13T16:46:00","guid":{"rendered":"https:\/\/new.gradski.me\/uncategorized\/pocinje-festa-nad-festama-u-herceg-novom-57-praznik-mimoze-hoteli-i-apartmani-dobro-popunjeni\/"},"modified":"2026-02-13T17:46:00","modified_gmt":"2026-02-13T16:46:00","slug":"pocinje-festa-nad-festama-u-herceg-novom-57-praznik-mimoze-hoteli-i-apartmani-dobro-popunjeni","status":"publish","type":"post","link":"https:\/\/gradski.me\/en\/drustvo\/pocinje-festa-nad-festama-u-herceg-novom-57-praznik-mimoze-hoteli-i-apartmani-dobro-popunjeni\/","title":{"rendered":"Po\u010dinje fe\u0161ta nad fe\u0161tama u Herceg Novom, 57. Praznik mimoze: Hoteli i apartmani dobro popunjeni"},"content":{"rendered":"<p>Sjutra je fe\u0161ta od mimoze, ribe i vina u Bao\u0161i\u0107ima gdje \u0107e goste zabavljati Danijel Alibabi\u0107, a od 13 h u \u0110enovi\u0107ima nastupa Kaliopi. U Igalu nastupijau Riblja \u010dorba i bend sa najdu\u017eim muzi\u010dkim sta\u017eom na ovim prostorima Yu grupa. Na velikom maskenbalu u Institutu Igalo nastupi\u0107e popularna grupa Zana, uz ansambl To\u0107 i novski Exodusi, Zbog veliko interesovanja u prodaju je pu\u0161ten dodatni broj ulaznica.<\/p>\n\n\n\n<p>Jutros je otvorena tradicionalna izlo\u017eba cvije\u0107a u Prvoj fazi Instituta, i traja\u0107e do nedjelje.<\/p>\n\n\n\n<p>U Herceg Novom je otvoreno 17 hotela, a privtani smje\u0161taj je dobro popunjen. Gosti su uglavnom iz regiona, ali i iz Zapadne Evrope.<\/p>\n\n\n\n<p>U nedjelju, 15. februara, publiku \u0107e, u Igalu, zabavljati An\u0111ela Ignjatovi\u0107 Breskvica i Dejan Petrovi\u0107 i Big band. Tog dana, u nedjelju bi\u0107e odr\u017eana i 12. Novska skalinada, sportska i turisti\u010dka manifestacija od \u0160kvera do vrha \u0160panjole.<\/p>\n\n\n\n<p>Su\u0111enje karnevlu 57. Praznika mimoze je u zadnjoj sedmici fe\u0161ti, kada \u0107e biti spaljen krivac za sve nevolje Novljana u protekloj godini, a festival \u0107e zatvoriti koncert Aca Pejovi\u0107a na platou u Igalu.<\/p>","protected":false},"excerpt":{"rendered":"<p>Otvaranje najve\u0107e novske fe\u0161te zakazano je za ve\u010deras,\u00a0kada \u0107e u 19 sati od centra grada krenuti defile Gradske muzike i ma\u017eoretki Herceg Novi, Mjesne muzike \u0110enovi\u0107, trombonjera i ma\u0161kara. Potom \u0107e na platou u Igalu nastupiti dvoje velikana regionalne pop scene, Nina Badri\u0107 i Goran \u041aaran.<\/p>","protected":false},"author":4,"featured_media":905099,"comment_status":"open","ping_status":"open","sticky":false,"template":"","format":"standard","meta":{"_acf_changed":false,"footnotes":"","jetpack_publicize_message":"","jetpack_publicize_feature_enabled":true,"jetpack_social_post_already_shared":false,"jetpack_social_options":{"image_generator_settings":{"template":"highway","default_image_id":0,"font":"","enabled":false},"version":2}},"categories":[9],"tags":[19083,16866,19084],"naslovna":[],"class_list":["post-905098","post","type-post","status-publish","format-standard","has-post-thumbnail","hentry","category-drustvo","tag-festa-od-mimoze","tag-praznik-mimoze","tag-ribe-i-vina"],"acf":[],"jetpack_publicize_connections":[],"_links":{"self":[{"href":"https:\/\/gradski.me\/en\/wp-json\/wp\/v2\/posts\/905098","targetHints":{"allow":["GET"]}}],"collection":[{"href":"https:\/\/gradski.me\/en\/wp-json\/wp\/v2\/posts"}],"about":[{"href":"https:\/\/gradski.me\/en\/wp-json\/wp\/v2\/types\/post"}],"author":[{"embeddable":true,"href":"https:\/\/gradski.me\/en\/wp-json\/wp\/v2\/users\/4"}],"replies":[{"embeddable":true,"href":"https:\/\/gradski.me\/en\/wp-json\/wp\/v2\/comments?post=905098"}],"version-history":[{"count":0,"href":"https:\/\/gradski.me\/en\/wp-json\/wp\/v2\/posts\/905098\/revisions"}],"wp:featuredmedia":[{"embeddable":true,"href":"https:\/\/gradski.me\/en\/wp-json\/wp\/v2\/media\/905099"}],"wp:attachment":[{"href":"https:\/\/gradski.me\/en\/wp-json\/wp\/v2\/media?parent=905098"}],"wp:term":[{"taxonomy":"category","embeddable":true,"href":"https:\/\/gradski.me\/en\/wp-json\/wp\/v2\/categories?post=905098"},{"taxonomy":"post_tag","embeddable":true,"href":"https:\/\/gradski.me\/en\/wp-json\/wp\/v2\/tags?post=905098"},{"taxonomy":"naslovna","embeddable":true,"href":"https:\/\/gradski.me\/en\/wp-json\/wp\/v2\/naslovna?post=905098"}],"curies":[{"name":"wp","href":"https:\/\/api.w.org\/{rel}","templated":true}]}}