{"id":905092,"date":"2026-02-13T14:59:43","date_gmt":"2026-02-13T13:59:43","guid":{"rendered":"https:\/\/new.gradski.me\/uncategorized\/rok-za-prijavu-nelegalnih-objekata-produzen-za-sest-mjeseci\/"},"modified":"2026-02-13T14:59:43","modified_gmt":"2026-02-13T13:59:43","slug":"rok-za-prijavu-nelegalnih-objekata-produzen-za-sest-mjeseci","status":"publish","type":"post","link":"https:\/\/gradski.me\/en\/drustvo\/rok-za-prijavu-nelegalnih-objekata-produzen-za-sest-mjeseci\/","title":{"rendered":"Rok za prijavu nelegalnih objekata produ\u017een za \u0161est mjeseci"},"content":{"rendered":"<p>Prvobitni rok isticao je 14. februara.<\/p>\n\n\n\n<p>Poslanici su izmjene podr\u017eali zbog hitnosti, a nova pravila stupa\u0107e na snagu danom objavljivanja u Slu\u017ebenom listu.<\/p>\n\n\n\n<p>Zakon o legalizaciji bespravnih objekata zvani\u010dno je stupio na snagu 14. avgusta pro\u0161le godine.<\/p>\n\n\n\n<figure class=\"wp-block-embed is-type-video is-provider-youtube wp-block-embed-youtube wp-embed-aspect-16-9 wp-has-aspect-ratio\"><div class=\"wp-block-embed__wrapper\">\n<iframe title=\"Sjednica Petog vanrednog zasijedanja Skup\u0161tine Crne Gore u 2026. godini, 13.02.2026.\" width=\"800\" height=\"450\" src=\"https:\/\/www.youtube.com\/embed\/ilyGm1daI74?feature=oembed\" frameborder=\"0\" allow=\"accelerometer; autoplay; clipboard-write; encrypted-media; gyroscope; picture-in-picture; web-share\" referrerpolicy=\"strict-origin-when-cross-origin\" allowfullscreen><\/iframe>\n<\/div><\/figure>\n\n\n\n<p><\/p>\n\n\n\n<p><\/p>\n\n\n\n<p><\/p>\n\n\n\n<p><\/p>\n\n\n\n<p><\/p>","protected":false},"excerpt":{"rendered":"<p>Skup\u0161tina Crne Gore danas je usvojila izmjene i dopune Zakona o legalizaciji bespravnih objekata, \u010dime se rok za upis nelegalnih objekata u list nepokretnosti produ\u017eava za dodatnih \u0161est mjeseci.<\/p>","protected":false},"author":16,"featured_media":905093,"comment_status":"open","ping_status":"open","sticky":false,"template":"","format":"standard","meta":{"_acf_changed":false,"footnotes":"","jetpack_publicize_message":"","jetpack_publicize_feature_enabled":true,"jetpack_social_post_already_shared":false,"jetpack_social_options":{"image_generator_settings":{"template":"highway","default_image_id":0,"font":"","enabled":false},"version":2}},"categories":[9],"tags":[6144,4881],"naslovna":[],"class_list":["post-905092","post","type-post","status-publish","format-standard","has-post-thumbnail","hentry","category-drustvo","tag-legalizacija","tag-skupstina-cg"],"acf":[],"jetpack_publicize_connections":[],"_links":{"self":[{"href":"https:\/\/gradski.me\/en\/wp-json\/wp\/v2\/posts\/905092","targetHints":{"allow":["GET"]}}],"collection":[{"href":"https:\/\/gradski.me\/en\/wp-json\/wp\/v2\/posts"}],"about":[{"href":"https:\/\/gradski.me\/en\/wp-json\/wp\/v2\/types\/post"}],"author":[{"embeddable":true,"href":"https:\/\/gradski.me\/en\/wp-json\/wp\/v2\/users\/16"}],"replies":[{"embeddable":true,"href":"https:\/\/gradski.me\/en\/wp-json\/wp\/v2\/comments?post=905092"}],"version-history":[{"count":0,"href":"https:\/\/gradski.me\/en\/wp-json\/wp\/v2\/posts\/905092\/revisions"}],"wp:featuredmedia":[{"embeddable":true,"href":"https:\/\/gradski.me\/en\/wp-json\/wp\/v2\/media\/905093"}],"wp:attachment":[{"href":"https:\/\/gradski.me\/en\/wp-json\/wp\/v2\/media?parent=905092"}],"wp:term":[{"taxonomy":"category","embeddable":true,"href":"https:\/\/gradski.me\/en\/wp-json\/wp\/v2\/categories?post=905092"},{"taxonomy":"post_tag","embeddable":true,"href":"https:\/\/gradski.me\/en\/wp-json\/wp\/v2\/tags?post=905092"},{"taxonomy":"naslovna","embeddable":true,"href":"https:\/\/gradski.me\/en\/wp-json\/wp\/v2\/naslovna?post=905092"}],"curies":[{"name":"wp","href":"https:\/\/api.w.org\/{rel}","templated":true}]}}