{"id":905088,"date":"2026-02-13T15:32:00","date_gmt":"2026-02-13T14:32:00","guid":{"rendered":"https:\/\/new.gradski.me\/uncategorized\/suljevic-sa-nimanbeguom-potrebne-posebne-linije-podrske-za-manje-nvo-u-ulcinju\/"},"modified":"2026-02-13T15:32:00","modified_gmt":"2026-02-13T14:32:00","slug":"suljevic-sa-nimanbeguom-potrebne-posebne-linije-podrske-za-manje-nvo-u-ulcinju","status":"publish","type":"post","link":"https:\/\/gradski.me\/en\/politika\/suljevic-sa-nimanbeguom-potrebne-posebne-linije-podrske-za-manje-nvo-u-ulcinju\/","title":{"rendered":"Suljevi\u0107 sa Nimanbeguom:  Potrebne posebne linije podr\u0161ke za manje NVO u Ulcinju"},"content":{"rendered":"<p><\/p>\n\n\n\n<p>Kako navode, tokom sastanka razgovarano je o razvojnim potencijalima Op\u0161tine Ulcinj i izazovima sa kojima se lokalna uprava suo\u010dava, pri \u010demu se kao posebno zna\u010dajan izdvaja problem prekomjerne gradnje, imaju\u0107i u vidu ograni\u010dene kapacitete postoje\u0107e gradske infrastrukture.<\/p>\n\n\n\n<p>\u201cNa podru\u010dju op\u0161tine Ulcinj djeluje zna\u010dajan broj manjih nevladinih organizacija koje, usljed ograni\u010denih kapaciteta i resursa, \u010desto nijesu u ravnopravnom polo\u017eaju u odnosu na ve\u0107e organizacije prilikom konkurisanja za dostupna finansijska sredstva, \u0161to ukazuje na potrebu ja\u010danja njihove institucionalne i finansijske podr\u0161ke\u201d, pi\u0161e u saop\u0161tenju.<\/p>\n\n\n\n<p>Dodaju da su se ministar Suljevi\u0107 i predsjednik Nimanbegu saglasili da je, u okviru nadle\u017enosti Ministarstva, va\u017eno razmotriti unapre\u0111enje postoje\u0107eg normativnog i finansijskog okvira, kroz uspostavljanje posebnih linija podr\u0161ke i obezbje\u0111ivanje dodatnih bud\u017eetskih sredstava namijenjenih manjim nevladinim organizacijama, kako bi im se omogu\u0107ilo ravnopravnije u\u010de\u0161\u0107e i ja\u010danje kapaciteta.<\/p>\n\n\n\n<p>\u201cNa kraju, ministar je upoznao predsjednika sa planovima Ministarstva za 2026. , istakav\u0161i otvorenost za pru\u017eanje podr\u0161ke Op\u0161tini Ulcinj u okviru svojih nadle\u017enosti, uz uva\u017eavanje specifi\u010dnosti lokalne zajednice, i naglasiv\u0161i da je ja\u010danje saradnje izme\u0111u dr\u017eavnog i lokalnog nivoa klju\u010d za odr\u017eiv razvoj i unapre\u0111enje kvaliteta \u017eivota gra\u0111ana\u201d, zaklju\u010duje se u saop\u0161tenju.<\/p>\n\n\n\n<p><\/p>","protected":false},"excerpt":{"rendered":"<p>Ministar regionalno-investicionog razvoja i saradnje sa nevladinim organizacijama, Ernad Suljevi\u0107, sa saradnicima, boravi u radnoj posjeti op\u0161tini Ulcinj, gdje je odr\u017eao sastanak sa predsjednikom Op\u0161tine, Gencijem Nimanbeguom, saop\u0161teno je iz tog Vladinog resora.<\/p>","protected":false},"author":16,"featured_media":905089,"comment_status":"open","ping_status":"open","sticky":false,"template":"","format":"standard","meta":{"_acf_changed":false,"footnotes":"","jetpack_publicize_message":"","jetpack_publicize_feature_enabled":true,"jetpack_social_post_already_shared":false,"jetpack_social_options":{"image_generator_settings":{"template":"highway","default_image_id":0,"font":"","enabled":false},"version":2}},"categories":[7],"tags":[6899,1047,7428],"naslovna":[],"class_list":["post-905088","post","type-post","status-publish","format-standard","has-post-thumbnail","hentry","category-politika","tag-ernad-suljevic","tag-genci-nimanbegu","tag-mirn"],"acf":[],"jetpack_publicize_connections":[],"_links":{"self":[{"href":"https:\/\/gradski.me\/en\/wp-json\/wp\/v2\/posts\/905088","targetHints":{"allow":["GET"]}}],"collection":[{"href":"https:\/\/gradski.me\/en\/wp-json\/wp\/v2\/posts"}],"about":[{"href":"https:\/\/gradski.me\/en\/wp-json\/wp\/v2\/types\/post"}],"author":[{"embeddable":true,"href":"https:\/\/gradski.me\/en\/wp-json\/wp\/v2\/users\/16"}],"replies":[{"embeddable":true,"href":"https:\/\/gradski.me\/en\/wp-json\/wp\/v2\/comments?post=905088"}],"version-history":[{"count":0,"href":"https:\/\/gradski.me\/en\/wp-json\/wp\/v2\/posts\/905088\/revisions"}],"wp:featuredmedia":[{"embeddable":true,"href":"https:\/\/gradski.me\/en\/wp-json\/wp\/v2\/media\/905089"}],"wp:attachment":[{"href":"https:\/\/gradski.me\/en\/wp-json\/wp\/v2\/media?parent=905088"}],"wp:term":[{"taxonomy":"category","embeddable":true,"href":"https:\/\/gradski.me\/en\/wp-json\/wp\/v2\/categories?post=905088"},{"taxonomy":"post_tag","embeddable":true,"href":"https:\/\/gradski.me\/en\/wp-json\/wp\/v2\/tags?post=905088"},{"taxonomy":"naslovna","embeddable":true,"href":"https:\/\/gradski.me\/en\/wp-json\/wp\/v2\/naslovna?post=905088"}],"curies":[{"name":"wp","href":"https:\/\/api.w.org\/{rel}","templated":true}]}}