{"id":905086,"date":"2026-02-13T17:32:00","date_gmt":"2026-02-13T16:32:00","guid":{"rendered":"https:\/\/new.gradski.me\/uncategorized\/pocela-konferencija-u-minhenu-merc-kritikovao-ameriku\/"},"modified":"2026-02-13T17:32:00","modified_gmt":"2026-02-13T16:32:00","slug":"pocela-konferencija-u-minhenu-merc-kritikovao-ameriku","status":"publish","type":"post","link":"https:\/\/gradski.me\/en\/svijet\/pocela-konferencija-u-minhenu-merc-kritikovao-ameriku\/","title":{"rendered":"Po\u010dela konferencija u Minhenu: Merc kritikovao Ameriku"},"content":{"rendered":"<p><\/p>\n\n\n\n<p>Merc je naglasio da Evropa ostaje privr\u017eena NATO savezu, ali da bi SAD trebalo da znaju da NATO dodaje ne samo evropskoj nego i ameri\u010dkoj kredibilnosti na globlanoj pozornici.<\/p>\n\n\n\n<p>On je istakao da je posthladnoratovski poredak zavr\u0161en, i da sada nastaju novi odnosi, ali da bi svijet u kojem bi vladalo pravo ja\u010deg bio veoma mra\u010dan za cijeli svijet.<\/p>\n\n\n\n<h2 class=\"wp-block-heading\">Evropa se ne\u0107e upu\u0161tati u kulturne ratove<\/h2>\n\n\n\n<p>On se osvrnuo i na pro\u0161logodi\u0161nji govor D\u017eej Di Vensa, ameri\u010dkog potpredsjednika, u kojem je Vens optu\u017eio Evropu za ukidanje slobode govora i pru\u017eio podr\u0161ku AFD, ekstremno desni\u010darskoj stranci u Njema\u010dkoj, koja je glavni rival Demohri\u0161\u0107anske unije, koju predvodi Merc. Merc je u svom govoru poru\u010dio da se Evropa ne\u0107e upu\u0161tati u kulturne ratove, a da sloboda govora zavr\u0161ava u onom trenutku kada ona ru\u0161i ljudska prava i ustavni poredak, \u0161to je bilo o\u010digledno upereno kao vrsta kritike ameri\u010dkoj delegaciji, koju ove godine predvodi Marko Rubio, ameri\u010dki dr\u017eavni sekretar.<\/p>\n\n\n\n<h2 class=\"wp-block-heading\">Prisustvo lidera iz regiona i svijeta<\/h2>\n\n\n\n<p>Konferenciji iz regiona prisustvuju \u010dlanovi Predsjedni\u0161tva BiH i Borjana Kri\u0161to, predsjedavaju\u0107a Savjeta ministara BiH.<\/p>\n\n\n\n<p>Na snimcima tokom uvodnog obra\u0107anja jedino se mogla vidjeti srpskog \u010dlana Predsjedni\u0161tva BiH \u017deljku Cvijanovi\u0107, koja je sjedila u drugom redu, \u0161to se mo\u017ee protuma\u010diti veoma dobrim pozicioniranjem na konferenciji. U prvi red, u blizini Marka Rutea, generalnog sekretara NATO-a i Ursule fon der Lajen, predsjednice Evropske komisije, smje\u0161ten je Aleksandar Vu\u010di\u0107, predsjednik Srbije.<\/p>\n\n\n\n<p>Ovogodi\u0161nja konferencija smatra se jednom od najva\u017enijih u istoriji, a prisustvuje joj oko 60 \u0161efova dr\u017eava i vlada \u0161irom svijeta.<\/p>\n\n\n\n<p>Najve\u0107a delegacija dolazi iz SAD-a, koju, osim Rubija, \u010dini oko 40 predstavnika ameri\u010dkog kongresa iz obje stranke.<\/p>","protected":false},"excerpt":{"rendered":"<p>U Minhenu je po\u010dela Minhenska bezbjednosna konferencija, a formalno ju je otvorio Fridrih Merc, njema\u010dki kancelar, koji je pozvao na stvaranje ja\u010de i suverenije Evrope, kako bi bila u stanju da sama obezbijedi vlastitu sigurnost.<\/p>","protected":false},"author":4,"featured_media":905087,"comment_status":"open","ping_status":"open","sticky":false,"template":"","format":"standard","meta":{"_acf_changed":false,"footnotes":"","jetpack_publicize_message":"","jetpack_publicize_feature_enabled":true,"jetpack_social_post_already_shared":false,"jetpack_social_options":{"image_generator_settings":{"template":"highway","default_image_id":0,"font":"","enabled":false},"version":2}},"categories":[14],"tags":[2295,3800,19081,10001],"naslovna":[],"class_list":["post-905086","post","type-post","status-publish","format-standard","has-post-thumbnail","hentry","category-svijet","tag-amerika","tag-fridrih-merc","tag-konferencija-u-minhenu","tag-kritika"],"acf":[],"jetpack_publicize_connections":[],"_links":{"self":[{"href":"https:\/\/gradski.me\/en\/wp-json\/wp\/v2\/posts\/905086","targetHints":{"allow":["GET"]}}],"collection":[{"href":"https:\/\/gradski.me\/en\/wp-json\/wp\/v2\/posts"}],"about":[{"href":"https:\/\/gradski.me\/en\/wp-json\/wp\/v2\/types\/post"}],"author":[{"embeddable":true,"href":"https:\/\/gradski.me\/en\/wp-json\/wp\/v2\/users\/4"}],"replies":[{"embeddable":true,"href":"https:\/\/gradski.me\/en\/wp-json\/wp\/v2\/comments?post=905086"}],"version-history":[{"count":0,"href":"https:\/\/gradski.me\/en\/wp-json\/wp\/v2\/posts\/905086\/revisions"}],"wp:featuredmedia":[{"embeddable":true,"href":"https:\/\/gradski.me\/en\/wp-json\/wp\/v2\/media\/905087"}],"wp:attachment":[{"href":"https:\/\/gradski.me\/en\/wp-json\/wp\/v2\/media?parent=905086"}],"wp:term":[{"taxonomy":"category","embeddable":true,"href":"https:\/\/gradski.me\/en\/wp-json\/wp\/v2\/categories?post=905086"},{"taxonomy":"post_tag","embeddable":true,"href":"https:\/\/gradski.me\/en\/wp-json\/wp\/v2\/tags?post=905086"},{"taxonomy":"naslovna","embeddable":true,"href":"https:\/\/gradski.me\/en\/wp-json\/wp\/v2\/naslovna?post=905086"}],"curies":[{"name":"wp","href":"https:\/\/api.w.org\/{rel}","templated":true}]}}