{"id":905057,"date":"2026-02-13T13:00:00","date_gmt":"2026-02-13T12:00:00","guid":{"rendered":"https:\/\/new.gradski.me\/uncategorized\/vukovic-kuc-umjesto-reformi-trobojke-i-rasprave-o-jeziku\/"},"modified":"2026-02-13T13:00:00","modified_gmt":"2026-02-13T12:00:00","slug":"vukovic-kuc-umjesto-reformi-trobojke-i-rasprave-o-jeziku","status":"publish","type":"post","link":"https:\/\/gradski.me\/en\/politika\/vukovic-kuc-umjesto-reformi-trobojke-i-rasprave-o-jeziku\/","title":{"rendered":"Vukovi\u0107-Ku\u010d: Instead of reforms \u2013 tricolors and discussions about language"},"content":{"rendered":"<p><\/p>\n\n\n\n<p>,,Umjesto reformi \u2013 trobojke i rasprave o jeziku. Umjesto evropskog zavr\u0161etka \u2013 razdr\u017eavljenje Crne Gore, opasna etnofederalizacija, odricanje od gra\u0111anskog modela&#8220;, kazala je Vukovi\u0107-Ku\u010d.<\/p>\n\n\n\n<p>Vukovi\u0107-Ku\u010d je navela da iz Evropskog parlamenta poru\u010duju: na korak ste, ali cilj jo\u0161 nije osvojen. <\/p>\n\n\n\n<p>,,Mi upozoravamo, Mandi\u0107 je na metar od svoga cilja, drugim putevima, a najbr\u017ei put kojim gazi Crnu Goru su partije u vlasti koje mu se ne suprotstavljaju&#8220;, ocijenila je Vukovi\u0107-Ku\u010d.<\/p>\n\n\n\n<p>Vukovi\u0107-Ku\u010d je poru\u010dila da se sada odlu\u010duje: EU ili Ravna gora. <\/p>\n\n\n\n<p>,,Gra\u0111ani su rekli \u2013 EU nema alternativu. Ova vlast nema mandat da Crnoj Gori otme budu\u0107nost&#8220;, zaklju\u010duje Vukovi\u0107-Ku\u010d.<\/p>\n\n\n\n<figure class=\"wp-block-embed is-type-rich is-provider-twitter wp-block-embed-twitter\"><div class=\"wp-block-embed__wrapper\">\n<blockquote class=\"twitter-tweet\" data-width=\"550\" data-dnt=\"true\"><p lang=\"und\" dir=\"ltr\">Premijer Milojko Spaji\u0107 \u0107uti, predsjednik NSD-a Andrija Mandi\u0107 pretvara Crnu Goru u li\u010dni projekat.<br>Umjesto reformi \u2013 trobojke i rasprave o jeziku. Umjesto evropskog zavr\u0161etka \u2013 razdr\u017eavljenje Crne Gore, opasna etnofederalizacija, odricanje od gra\u0111anskog modela. <br>Iz Evropskog\u2026 <a href=\"https:\/\/t.co\/ciSNE5jPJ2\">pic.twitter.com\/ciSNE5jPJ2<\/a><\/p>&mdash; Aleksandra Vukovi\u0107 Ku\u010d (@AVposlanica) <a href=\"https:\/\/twitter.com\/AVposlanica\/status\/2022278082615247206?ref_src=twsrc%5Etfw\" target=\"_blank\" rel=\"noopener\">February 13, 2026<\/a><\/blockquote><script async src=\"https:\/\/platform.twitter.com\/widgets.js\" charset=\"utf-8\"><\/script>\n<\/div><\/figure>","protected":false},"excerpt":{"rendered":"<p>Premijer Milojko Spaji\u0107 \u0107uti, predsjednik NSD-a Andrija Mandi\u0107 pretvara Crnu Goru u li\u010dni projekat, saop\u0161tila je na mre\u017ei X poslanica Demokratske partije socijalista (DPS) Aleksandra Vukovi\u0107-Ku\u010d.<\/p>","protected":false},"author":4,"featured_media":899430,"comment_status":"open","ping_status":"open","sticky":false,"template":"","format":"standard","meta":{"_acf_changed":false,"footnotes":"","jetpack_publicize_message":"","jetpack_publicize_feature_enabled":true,"jetpack_social_post_already_shared":false,"jetpack_social_options":{"image_generator_settings":{"template":"highway","default_image_id":0,"font":"","enabled":false},"version":2}},"categories":[7],"tags":[8179,19062,391,19063],"naslovna":[],"class_list":["post-905057","post","type-post","status-publish","format-standard","has-post-thumbnail","hentry","category-politika","tag-aleksandra-vukovic-kuc","tag-rasprave-o-jeziku","tag-reforme","tag-trobojke"],"acf":[],"jetpack_publicize_connections":[],"_links":{"self":[{"href":"https:\/\/gradski.me\/en\/wp-json\/wp\/v2\/posts\/905057","targetHints":{"allow":["GET"]}}],"collection":[{"href":"https:\/\/gradski.me\/en\/wp-json\/wp\/v2\/posts"}],"about":[{"href":"https:\/\/gradski.me\/en\/wp-json\/wp\/v2\/types\/post"}],"author":[{"embeddable":true,"href":"https:\/\/gradski.me\/en\/wp-json\/wp\/v2\/users\/4"}],"replies":[{"embeddable":true,"href":"https:\/\/gradski.me\/en\/wp-json\/wp\/v2\/comments?post=905057"}],"version-history":[{"count":0,"href":"https:\/\/gradski.me\/en\/wp-json\/wp\/v2\/posts\/905057\/revisions"}],"wp:featuredmedia":[{"embeddable":true,"href":"https:\/\/gradski.me\/en\/wp-json\/wp\/v2\/media\/899430"}],"wp:attachment":[{"href":"https:\/\/gradski.me\/en\/wp-json\/wp\/v2\/media?parent=905057"}],"wp:term":[{"taxonomy":"category","embeddable":true,"href":"https:\/\/gradski.me\/en\/wp-json\/wp\/v2\/categories?post=905057"},{"taxonomy":"post_tag","embeddable":true,"href":"https:\/\/gradski.me\/en\/wp-json\/wp\/v2\/tags?post=905057"},{"taxonomy":"naslovna","embeddable":true,"href":"https:\/\/gradski.me\/en\/wp-json\/wp\/v2\/naslovna?post=905057"}],"curies":[{"name":"wp","href":"https:\/\/api.w.org\/{rel}","templated":true}]}}