{"id":904922,"date":"2026-02-12T20:06:00","date_gmt":"2026-02-12T19:06:00","guid":{"rendered":"https:\/\/new.gradski.me\/uncategorized\/erdogan-sa-vucicem-u-ankari-najavio-posjetu-beogradu-i-novom-pazaru-u-maju-ili-junu\/"},"modified":"2026-02-12T20:06:00","modified_gmt":"2026-02-12T19:06:00","slug":"erdogan-sa-vucicem-u-ankari-najavio-posjetu-beogradu-i-novom-pazaru-u-maju-ili-junu","status":"publish","type":"post","link":"https:\/\/gradski.me\/en\/region\/erdogan-sa-vucicem-u-ankari-najavio-posjetu-beogradu-i-novom-pazaru-u-maju-ili-junu\/","title":{"rendered":"Erdogan sa Vu\u010di\u0107em u Ankari, najavio posjetu Beogradu i Novom Pazaru u maju ili junu"},"content":{"rendered":"<p><\/p>\n\n\n\n<p>Erdogan je na zajedni\u010dkoj konferenciji za novinare najavio da \u0107e u maju ili junu posjetiti Beograd i Novi Pazar sa velikom delegacijom.<\/p>\n\n\n\n<p>\u201eRazgovarali smo o tome \u0161ta mo\u017ee da se uradi na razvoju teritorije Sand\u017eaka, koji vidimo kao most prijateljstva izme\u0111u Srbije i Turske\u201c, rekao je Erdogan.<\/p>\n\n\n\n<p>U Novom Pazaru, na zapadu Srbije, \u017eivi ve\u0107insko bo\u0161nja\u010dko stanovni\u0161tvo.<\/p>\n\n\n\n<p>Turski predsjednik je poru\u010dio da Ankara \u201enikada nije zanemarila Balkan\u201c.<\/p>\n\n\n\n<p>Erdogan je rekao da su razgovarali o tome \u0161ta mo\u017ee da se uradi kako bi se odr\u017eala stabilnost i oja\u010dao ekonomski razvoj na Balkanu.<\/p>\n\n\n\n<p>\u201eNa\u0161a trgovina i investicije, koje se iz dana u dan pove\u0107avaju, pokreta\u010dka su snaga na\u0161ih odnosa. Ukupna razmjena dostigla je tri i po milijarde dolara pro\u0161le godine, a postepeno se pribli\u017eavamo na\u0161em cilju od pet milijardi dolara trgovinske razmjene\u201c, rekao je Erdogan.<\/p>\n\n\n\n<p>Vu\u010di\u0107 je izjavio da Beograd Ankaru smatra jednim od najva\u017enijih partnera.<\/p>\n\n\n\n<p>\u201eMi dobro razumijemo i politi\u010dki zna\u010daj Turske, i njenu ulogu u ekonomiji, vojnoj industriji i svakom drugom segmentu dru\u0161tva\u201c, rekao je Vu\u010di\u0107.<\/p>\n\n\n\n<p>Vu\u010di\u0107 je kazao i da se nada potpisivanju ugovora o izgradnji brze saobra\u0107ajnice izme\u0111u Kraljeva i Novog Pazara.<\/p>\n\n\n\n<p>Predsjednik Srbije podr\u017eao je Erdoganovu takozvanu \u201eBalkansku mirovnu platformu\u201c, ocjenjuju\u0107i je veoma va\u017enom.<\/p>\n\n\n\n<p>\u201eI ukoliko dobijem poziv, i sam \u0107u se odazvati\u201c, poru\u010dio je Vu\u010di\u0107.<\/p>\n\n\n\n<p>Srbija i Turska imaju dobre bilateralne odnose.<\/p>\n\n\n\n<p>Predsjednik Srbije Aleksandar Vu\u010di\u0107 godinama unazad gradi dobre odnose sa turskim liderom Red\u017eepom Tajipom Erdoganom, isti\u010du\u0107i da Srbija gaji iskreno prijateljstvo prema turskom narodu i da su turski privrednici uvijek dobrodo\u0161li u Srbiju.<\/p>\n\n\n\n<p>Srbija sa Turskom ima potpisan Sporazum o slobodnoj trgovini iz 2009. , dok je 2017. potpisana Zajedni\u010dka politi\u010dka deklaracija o uspostavljanju Visokog savjeta za saradnju.<\/p>\n\n\n\n<p>Beograd i Ankara se, me\u0111utim, razilaze oko Kosova, budu\u0107i da je Turska priznala Kosovo, dok Srbija ne priznaje nezavisnost svoje biv\u0161e ju\u017ene pokrajine.<\/p>\n\n\n\n<p>Upravo su zbog turske isporuke dronova kamikaza u oktobru 2025. izbile varnice na relaciji Beograd\u2013Ankara.<\/p>\n\n\n\n<p>Beograd je tada optu\u017eio Tursku, jednu od \u010dlanica NATO-a, da \u201eponovo sanja obnovu Otomanske imperije\u201c.<\/p>\n\n\n\n<p>Paralelu sa nekada\u0161njim Otomanskim carstvom, koje se prostiralo na tri kontinenta i obuhvatalo zna\u010dajne djelove Balkana, povukao je predsjednik Srbije Aleksandar Vu\u010di\u0107.<\/p>\n\n\n\n<p>On je u me\u0111uvremenu priznao da je sna\u017eno reagovao i pozvao Tursku kao partnera i prijatelja da uva\u017ei interese Srbije i srpskog naroda na Kosovu.<\/p>\n\n\n\n<p>I prethodnih godina u nekoliko navrata dolazilo je do tenzija izme\u0111u dvije zemlje zbog odnosa Turske prema Kosovu.<\/p>","protected":false},"excerpt":{"rendered":"<p>Predsjednik Srbije\u00a0Aleksandar\u00a0Vu\u010di\u0107\u00a0razgovarao je u \u010detvrtak u Ankari sa turskim predsjednikom\u00a0Red\u017eepom\u00a0Tajipom\u00a0Erdoganom\u00a0o turskim investicijama i infrastrukturnim projektima.<\/p>","protected":false},"author":16,"featured_media":904923,"comment_status":"open","ping_status":"open","sticky":false,"template":"","format":"standard","meta":{"_acf_changed":false,"footnotes":"","jetpack_publicize_message":"","jetpack_publicize_feature_enabled":true,"jetpack_social_post_already_shared":false,"jetpack_social_options":{"image_generator_settings":{"template":"highway","default_image_id":0,"font":"","enabled":false},"version":2}},"categories":[13],"tags":[532,4311],"naslovna":[],"class_list":["post-904922","post","type-post","status-publish","format-standard","has-post-thumbnail","hentry","category-region","tag-aleksandar-vucic","tag-erdogan"],"acf":[],"jetpack_publicize_connections":[],"_links":{"self":[{"href":"https:\/\/gradski.me\/en\/wp-json\/wp\/v2\/posts\/904922","targetHints":{"allow":["GET"]}}],"collection":[{"href":"https:\/\/gradski.me\/en\/wp-json\/wp\/v2\/posts"}],"about":[{"href":"https:\/\/gradski.me\/en\/wp-json\/wp\/v2\/types\/post"}],"author":[{"embeddable":true,"href":"https:\/\/gradski.me\/en\/wp-json\/wp\/v2\/users\/16"}],"replies":[{"embeddable":true,"href":"https:\/\/gradski.me\/en\/wp-json\/wp\/v2\/comments?post=904922"}],"version-history":[{"count":0,"href":"https:\/\/gradski.me\/en\/wp-json\/wp\/v2\/posts\/904922\/revisions"}],"wp:featuredmedia":[{"embeddable":true,"href":"https:\/\/gradski.me\/en\/wp-json\/wp\/v2\/media\/904923"}],"wp:attachment":[{"href":"https:\/\/gradski.me\/en\/wp-json\/wp\/v2\/media?parent=904922"}],"wp:term":[{"taxonomy":"category","embeddable":true,"href":"https:\/\/gradski.me\/en\/wp-json\/wp\/v2\/categories?post=904922"},{"taxonomy":"post_tag","embeddable":true,"href":"https:\/\/gradski.me\/en\/wp-json\/wp\/v2\/tags?post=904922"},{"taxonomy":"naslovna","embeddable":true,"href":"https:\/\/gradski.me\/en\/wp-json\/wp\/v2\/naslovna?post=904922"}],"curies":[{"name":"wp","href":"https:\/\/api.w.org\/{rel}","templated":true}]}}