{"id":904873,"date":"2026-02-12T16:40:00","date_gmt":"2026-02-12T15:40:00","guid":{"rendered":"https:\/\/new.gradski.me\/uncategorized\/bokseri-crne-gore-na-pripremama-u-loznici\/"},"modified":"2026-02-12T16:40:00","modified_gmt":"2026-02-12T15:40:00","slug":"bokseri-crne-gore-na-pripremama-u-loznici","status":"publish","type":"post","link":"https:\/\/gradski.me\/en\/sport\/bokseri-crne-gore-na-pripremama-u-loznici\/","title":{"rendered":"Montenegrin boxers preparing in Loznica"},"content":{"rendered":"<p>Pod dirigentskom palicom glavnog trenera reprezentacije&nbsp;<strong>Sergeja Kudravceva,<\/strong>&nbsp;na pripremama u novom regionalnom centru, koji je napravio Bokserski savez Srbije u\u010destvuje pet crnogorskih boksera:&nbsp;<strong>Tomislav \u0110inovi\u0107<\/strong>&nbsp;(do 60kg),&nbsp;<strong>Danilo Markovi\u0107<\/strong>&nbsp;(do 65kg),&nbsp;<strong>Milos Roganovic<\/strong>&nbsp;(do 70kg),&nbsp;<strong>Mirko Sarcevic<\/strong>&nbsp;(do 80kg) i&nbsp;<strong>Radisav Loncar<\/strong>&nbsp;(do 85kg). Fokus rada je na podizanju takmi\u010darske forme kroz intenzivne sparinge sa kvalitetnim protivnicima iz regiona, kao i na tehni\u010dko-takti\u010dkom usavr\u0161avanju i fizi\u010dkoj pripremi.<\/p>\n\n\n\n<p>Zajedni\u010dki kamp u Loznici predstavlja va\u017ean segment pripremnog procesa, jer omogu\u0107ava na\u0161im reprezentativcima da odmjere snage sa vrhunskim bokserima i steknu dodatno iskustvo pred jedan od najzna\u010dajnijih turnira koji se odr\u017eavaju u Crnoj Gori.<\/p>\n\n\n\n<p>Glavni trener Sergej Kudravcev istakao je zadovoljstvo dosada\u0161njim radom.<\/p>\n\n\n\n<p><strong>-Ovo je prva i veoma va\u017ena faza na\u0161ih priprema za &#8222;Montenegro kup&#8220;. Radimo sa jakim i kvalitetnim reprezentacijama, \u0161to je od izuzetnog zna\u010daja za podizanje forme. Momci pokazuju ozbiljnost, disciplinu i veliku motivaciju. O\u010dekujem da \u0107emo do po\u010detka turnira u Budvi dosti\u0107i \u017eeljeni nivo i spremno do\u010dekati sve izazove koji nas o\u010dekuju,<\/strong>&nbsp;rekao je Sergej Kudravcev.<\/p>\n\n\n\n<p>&#8222;Montenegro kup&#8220; u Budvi i ove godine okupi\u0107e veliki broj kvalitetnih boksera iz Evrope i \u0161ire, a crnogorska reprezentacija ima\u0107e priliku da pred doma\u0107om publikom poka\u017ee napredak i rezultat ulo\u017eenog rada.<\/p>\n\n\n\n<p><\/p>","protected":false},"excerpt":{"rendered":"<p>Seniorska bokserska reprezentacija Crne Gore boravi u Loznici, gdje u\u010destvuje na zajedni\u010dkim pripremama sa reprezentacijama Srbije, Hrvatske i Sjeverne Makedonije. Rije\u010d je o prvoj sparing fazi priprema za predstoje\u0107i, izuzetno jak me\u0111unarodni turnir \u201eMontenegro kup&#8220;, koji \u0107e biti odr\u017ean u Budvi od 13. do 22. marta.<\/p>","protected":false},"author":7,"featured_media":904874,"comment_status":"open","ping_status":"open","sticky":false,"template":"","format":"standard","meta":{"_acf_changed":false,"footnotes":"","jetpack_publicize_message":"","jetpack_publicize_feature_enabled":true,"jetpack_social_post_already_shared":false,"jetpack_social_options":{"image_generator_settings":{"template":"highway","default_image_id":0,"font":"","enabled":false},"version":2}},"categories":[15],"tags":[5571,18989,18990,1482,195],"naslovna":[],"class_list":["post-904873","post","type-post","status-publish","format-standard","has-post-thumbnail","hentry","category-sport","tag-bscg","tag-loznica","tag-montenegro-kup","tag-pripreme","tag-tomislav-djinovic"],"acf":[],"jetpack_publicize_connections":[],"_links":{"self":[{"href":"https:\/\/gradski.me\/en\/wp-json\/wp\/v2\/posts\/904873","targetHints":{"allow":["GET"]}}],"collection":[{"href":"https:\/\/gradski.me\/en\/wp-json\/wp\/v2\/posts"}],"about":[{"href":"https:\/\/gradski.me\/en\/wp-json\/wp\/v2\/types\/post"}],"author":[{"embeddable":true,"href":"https:\/\/gradski.me\/en\/wp-json\/wp\/v2\/users\/7"}],"replies":[{"embeddable":true,"href":"https:\/\/gradski.me\/en\/wp-json\/wp\/v2\/comments?post=904873"}],"version-history":[{"count":0,"href":"https:\/\/gradski.me\/en\/wp-json\/wp\/v2\/posts\/904873\/revisions"}],"wp:featuredmedia":[{"embeddable":true,"href":"https:\/\/gradski.me\/en\/wp-json\/wp\/v2\/media\/904874"}],"wp:attachment":[{"href":"https:\/\/gradski.me\/en\/wp-json\/wp\/v2\/media?parent=904873"}],"wp:term":[{"taxonomy":"category","embeddable":true,"href":"https:\/\/gradski.me\/en\/wp-json\/wp\/v2\/categories?post=904873"},{"taxonomy":"post_tag","embeddable":true,"href":"https:\/\/gradski.me\/en\/wp-json\/wp\/v2\/tags?post=904873"},{"taxonomy":"naslovna","embeddable":true,"href":"https:\/\/gradski.me\/en\/wp-json\/wp\/v2\/naslovna?post=904873"}],"curies":[{"name":"wp","href":"https:\/\/api.w.org\/{rel}","templated":true}]}}