{"id":904808,"date":"2026-02-12T10:38:23","date_gmt":"2026-02-12T09:38:23","guid":{"rendered":"https:\/\/new.gradski.me\/uncategorized\/mju-granice-nadleznosti-su-jasne-pritisci-nece-promijeniti-zakon\/"},"modified":"2026-02-12T10:38:23","modified_gmt":"2026-02-12T09:38:23","slug":"mju-granice-nadleznosti-su-jasne-pritisci-nece-promijeniti-zakon","status":"publish","type":"post","link":"https:\/\/gradski.me\/en\/politika\/mju-granice-nadleznosti-su-jasne-pritisci-nece-promijeniti-zakon\/","title":{"rendered":"MJU: Granice nadle\u017enosti su jasne &#8211; pritisci ne\u0107e promijeniti zakon"},"content":{"rendered":"<p><\/p>\n\n\n\n<p>Iz Ministarstva navode kako je u vezi sa nadzorom u Op\u0161tini Budva, MJU po slu\u017ebenoj du\u017enosti i po inicijativama, vr\u0161ilo nadzor u svim op\u0161tinama, a ne selektivno. Javnost \u0107e biti blagovremeno obavije\u0161tena o ishodu.<\/p>\n\n\n\n<p>,,MJU nema politi\u010dku agendu &#8211; cilj je zakonitost, pravna sigurnost i jednak tretman svih op\u0161tina. Ministarstvo nije nadle\u017eno za rad Op\u0161tinske izborne komisije niti za odluke o broju odbornika&#8220;, isti\u010du u saop\u0161tenju.<\/p>\n\n\n\n<p>Nagla\u0161avaju kako odluka o imenovanju ili razrje\u0161enju potpredsjednice op\u0161tine predstavlja pojedina\u010dni akt, \u010diju zakonitost procjenjuje Upravni sud. U ovom slu\u010daju, presuda Upravnog suda u potpunosti potvr\u0111uje nalaz MJU.<\/p>\n\n\n\n<p>,,Ministarstvo ostaje posve\u0107eno profesionalnom, nepristrasnom i zakonitom radu &#8211; bez obzira na politi\u010dke kritike&#8220;, zaklju\u010duju iz Ministarstva javne uprave.<\/p>","protected":false},"excerpt":{"rendered":"<p>Ministarstvo javne uprave (MJU) nastavlja da svoj posao obavlja isklju\u010divo u skladu sa Ustavom i zakonima Crne Gore, bez obzira na politi\u010dke pritiske ili poku\u0161aje instrumentalizacije institucija, saop\u0161teno je iz Ministarstva.<\/p>","protected":false},"author":4,"featured_media":903089,"comment_status":"open","ping_status":"open","sticky":false,"template":"","format":"standard","meta":{"_acf_changed":false,"footnotes":"","jetpack_publicize_message":"","jetpack_publicize_feature_enabled":true,"jetpack_social_post_already_shared":false,"jetpack_social_options":{"image_generator_settings":{"template":"highway","default_image_id":0,"font":"","enabled":false},"version":2}},"categories":[7],"tags":[18964,5788,6374,18965],"naslovna":[],"class_list":["post-904808","post","type-post","status-publish","format-standard","has-post-thumbnail","hentry","category-politika","tag-granice-nadleznosti","tag-mju","tag-pritisci","tag-promjena-zakona"],"acf":[],"jetpack_publicize_connections":[],"_links":{"self":[{"href":"https:\/\/gradski.me\/en\/wp-json\/wp\/v2\/posts\/904808","targetHints":{"allow":["GET"]}}],"collection":[{"href":"https:\/\/gradski.me\/en\/wp-json\/wp\/v2\/posts"}],"about":[{"href":"https:\/\/gradski.me\/en\/wp-json\/wp\/v2\/types\/post"}],"author":[{"embeddable":true,"href":"https:\/\/gradski.me\/en\/wp-json\/wp\/v2\/users\/4"}],"replies":[{"embeddable":true,"href":"https:\/\/gradski.me\/en\/wp-json\/wp\/v2\/comments?post=904808"}],"version-history":[{"count":0,"href":"https:\/\/gradski.me\/en\/wp-json\/wp\/v2\/posts\/904808\/revisions"}],"wp:featuredmedia":[{"embeddable":true,"href":"https:\/\/gradski.me\/en\/wp-json\/wp\/v2\/media\/903089"}],"wp:attachment":[{"href":"https:\/\/gradski.me\/en\/wp-json\/wp\/v2\/media?parent=904808"}],"wp:term":[{"taxonomy":"category","embeddable":true,"href":"https:\/\/gradski.me\/en\/wp-json\/wp\/v2\/categories?post=904808"},{"taxonomy":"post_tag","embeddable":true,"href":"https:\/\/gradski.me\/en\/wp-json\/wp\/v2\/tags?post=904808"},{"taxonomy":"naslovna","embeddable":true,"href":"https:\/\/gradski.me\/en\/wp-json\/wp\/v2\/naslovna?post=904808"}],"curies":[{"name":"wp","href":"https:\/\/api.w.org\/{rel}","templated":true}]}}