{"id":904764,"date":"2026-02-12T08:17:00","date_gmt":"2026-02-12T07:17:00","guid":{"rendered":"https:\/\/new.gradski.me\/uncategorized\/gi-21-maj-crnogorski-put-u-brisel-izgleda-besmisleno\/"},"modified":"2026-02-12T08:17:00","modified_gmt":"2026-02-12T07:17:00","slug":"gi-21-maj-crnogorski-put-u-brisel-izgleda-besmisleno","status":"publish","type":"post","link":"https:\/\/gradski.me\/en\/politika\/gi-21-maj-crnogorski-put-u-brisel-izgleda-besmisleno\/","title":{"rendered":"GI &#8222;21. maj&#8220;: Crnogorski put u Brisel izgleda besmisleno"},"content":{"rendered":"<p><\/p>\n\n\n\n<p>Iz ove organizacije navode da u Crnoj Gori mo\u017eete pobje\u0107i iz ku\u0107nog pritvora i niko iz policije ne\u0107e biti odgovoran.<\/p>\n\n\n\n<p>&#8222;Mo\u017eete se baviti nasilni\u010dkim zelena\u0161enjem, mafija\u0161kim klanovima i trgovinom narkoticima i biti udaljen od odgovornosti. Mo\u017eete nabaviti vi\u0161emilionski i nefunkcionalni softver koji je kompanijski registar u\u010dinio mrtvim dok je privreda gurnuta u poslovno i administrativno bezna\u0111e i niko iz Vlade ili Poreske uprave ne\u0107e biti odgovoran. Mo\u017eete imati izvr\u0161nu vlast u kojoj je premijer vi\u0161e u zemunici nego pred o\u010dima javnosti i ne o\u010dekujte odgovornost. Mo\u017eete imati predsjednika dr\u017eave koji tone u politi\u010dku karikaturu i zar o\u010dekujete da se osje\u0107a odgovornim. Mo\u017eete imati ubjedljivu ve\u0107inu bira\u010da koji nepopravljivo statiraju ili sve svode na \u0161aku li\u010dnog interesa, pritom iznova glasaju\u0107i za niz odvratnih partija, ali zar \u0107e neko od tih gra\u0111ana re\u0107i ja sam odgovoran. Mo\u017eete godinama voditi obesmi\u0161ljene sudske sporove ili trunuti u vi\u0161egodi\u0161njem pritvoru i niko ne\u0107e biti odgovoran. Mo\u017eete mjesecima \u010dekati na presudne zdravstvene preglede i umrijeti tri puta u me\u0111uvremenu ali niko ne\u0107e biti odgovoran&#8220;, navode iz GI &#8222;21. maj&#8220;.<\/p>\n\n\n\n<p>Oni smatraju da je Crna Gora deformisana i depresivna dr\u017eava koju vodi neodgovorna vlast protiv koje se buni neodgovorna opozicija i to uz &#8222;mjeni\u010dno ovla\u0161\u0107enje&#8220; uvijek izmanipulisanog, koristoljubivog i neukog bira\u010dkog tijela.<\/p>","protected":false},"excerpt":{"rendered":"<p>Besmisleno izgleda crnogorski put u Brisel. \u0160to se vi\u0161e poglavlja zatvara to je stanje u zemlji sve gore, ocjenjuju iz GI &#8222;21. maj&#8220;.<\/p>","protected":false},"author":4,"featured_media":903571,"comment_status":"open","ping_status":"open","sticky":false,"template":"","format":"standard","meta":{"_acf_changed":false,"footnotes":"","jetpack_publicize_message":"","jetpack_publicize_feature_enabled":true,"jetpack_social_post_already_shared":false,"jetpack_social_options":{"image_generator_settings":{"template":"highway","default_image_id":0,"font":"","enabled":false},"version":2}},"categories":[7],"tags":[3305],"naslovna":[],"class_list":["post-904764","post","type-post","status-publish","format-standard","has-post-thumbnail","hentry","category-politika","tag-gi-21-maj"],"acf":[],"jetpack_publicize_connections":[],"_links":{"self":[{"href":"https:\/\/gradski.me\/en\/wp-json\/wp\/v2\/posts\/904764","targetHints":{"allow":["GET"]}}],"collection":[{"href":"https:\/\/gradski.me\/en\/wp-json\/wp\/v2\/posts"}],"about":[{"href":"https:\/\/gradski.me\/en\/wp-json\/wp\/v2\/types\/post"}],"author":[{"embeddable":true,"href":"https:\/\/gradski.me\/en\/wp-json\/wp\/v2\/users\/4"}],"replies":[{"embeddable":true,"href":"https:\/\/gradski.me\/en\/wp-json\/wp\/v2\/comments?post=904764"}],"version-history":[{"count":0,"href":"https:\/\/gradski.me\/en\/wp-json\/wp\/v2\/posts\/904764\/revisions"}],"wp:featuredmedia":[{"embeddable":true,"href":"https:\/\/gradski.me\/en\/wp-json\/wp\/v2\/media\/903571"}],"wp:attachment":[{"href":"https:\/\/gradski.me\/en\/wp-json\/wp\/v2\/media?parent=904764"}],"wp:term":[{"taxonomy":"category","embeddable":true,"href":"https:\/\/gradski.me\/en\/wp-json\/wp\/v2\/categories?post=904764"},{"taxonomy":"post_tag","embeddable":true,"href":"https:\/\/gradski.me\/en\/wp-json\/wp\/v2\/tags?post=904764"},{"taxonomy":"naslovna","embeddable":true,"href":"https:\/\/gradski.me\/en\/wp-json\/wp\/v2\/naslovna?post=904764"}],"curies":[{"name":"wp","href":"https:\/\/api.w.org\/{rel}","templated":true}]}}