{"id":904658,"date":"2026-02-11T16:13:00","date_gmt":"2026-02-11T15:13:00","guid":{"rendered":"https:\/\/new.gradski.me\/uncategorized\/ministarstvo-javne-uprave-podrzalo-izmjene-zakona-o-prijestonici-radi-stabilnijeg-finansiranja-cetinja\/"},"modified":"2026-02-11T16:13:00","modified_gmt":"2026-02-11T15:13:00","slug":"ministarstvo-javne-uprave-podrzalo-izmjene-zakona-o-prijestonici-radi-stabilnijeg-finansiranja-cetinja","status":"publish","type":"post","link":"https:\/\/gradski.me\/en\/ekonomija\/ministarstvo-javne-uprave-podrzalo-izmjene-zakona-o-prijestonici-radi-stabilnijeg-finansiranja-cetinja\/","title":{"rendered":"Ministarstvo javne uprave podr\u017ealo izmjene Zakona o Prijestonici radi stabilnijeg finansiranja Cetinja"},"content":{"rendered":"<p>Predlo\u017eenim rje\u0161enjem precizira se raspodjela 1% sredstava iz teku\u0107eg bud\u017eeta Crne Gore, pri \u010demu je 0,5% namijenjeno kapitalnim projektima, a 0,5% redovnim izdacima i zakonom utvr\u0111enim obavezama Prijestonice.<\/p>\n\n\n\n<p>&#8222;Izmjene imaju za cilj i tehni\u010dko-pravno uskla\u0111ivanje zakona sa va\u017ee\u0107im propisima, kako bi se omogu\u0107ila efikasnija realizacija projekata od posebnog zna\u010daja za Cetinje, uklju\u010duju\u0107i projekte o\u010duvanja kulturno-istorijskog naslje\u0111a, turisti\u010dke valorizacije i otvaranja novih radnih mjesta&#8220;, stoji u saop\u0161tenju.<\/p>\n\n\n\n<p>Dodaju da Ministarstvo javne uprave ostaje pouzdan partner lokalnim samoupravama i nastavi\u0107e da pru\u017ea podr\u0161ku inicijativama koje doprinose odr\u017eivom razvoju i ja\u010danju lokalnih zajednica.<\/p>","protected":false},"excerpt":{"rendered":"<p>Ministarstvo javne uprave podr\u017ealo je inicijativu za izmjene Zakona o Prijestonici kojima se obezbje\u0111uje stabilnije i jasnije finansiranje nadle\u017enosti Prijestonice Cetinje.<\/p>","protected":false},"author":4,"featured_media":904659,"comment_status":"open","ping_status":"open","sticky":false,"template":"","format":"standard","meta":{"_acf_changed":false,"footnotes":"","jetpack_publicize_message":"","jetpack_publicize_feature_enabled":true,"jetpack_social_post_already_shared":false,"jetpack_social_options":{"image_generator_settings":{"template":"highway","default_image_id":0,"font":"","enabled":false},"version":2}},"categories":[8],"tags":[118,5788,451,237],"naslovna":[],"class_list":["post-904658","post","type-post","status-publish","format-standard","has-post-thumbnail","hentry","category-ekonomija","tag-cetinje","tag-mju","tag-skupstina","tag-zakon"],"acf":[],"jetpack_publicize_connections":[],"_links":{"self":[{"href":"https:\/\/gradski.me\/en\/wp-json\/wp\/v2\/posts\/904658","targetHints":{"allow":["GET"]}}],"collection":[{"href":"https:\/\/gradski.me\/en\/wp-json\/wp\/v2\/posts"}],"about":[{"href":"https:\/\/gradski.me\/en\/wp-json\/wp\/v2\/types\/post"}],"author":[{"embeddable":true,"href":"https:\/\/gradski.me\/en\/wp-json\/wp\/v2\/users\/4"}],"replies":[{"embeddable":true,"href":"https:\/\/gradski.me\/en\/wp-json\/wp\/v2\/comments?post=904658"}],"version-history":[{"count":0,"href":"https:\/\/gradski.me\/en\/wp-json\/wp\/v2\/posts\/904658\/revisions"}],"wp:featuredmedia":[{"embeddable":true,"href":"https:\/\/gradski.me\/en\/wp-json\/wp\/v2\/media\/904659"}],"wp:attachment":[{"href":"https:\/\/gradski.me\/en\/wp-json\/wp\/v2\/media?parent=904658"}],"wp:term":[{"taxonomy":"category","embeddable":true,"href":"https:\/\/gradski.me\/en\/wp-json\/wp\/v2\/categories?post=904658"},{"taxonomy":"post_tag","embeddable":true,"href":"https:\/\/gradski.me\/en\/wp-json\/wp\/v2\/tags?post=904658"},{"taxonomy":"naslovna","embeddable":true,"href":"https:\/\/gradski.me\/en\/wp-json\/wp\/v2\/naslovna?post=904658"}],"curies":[{"name":"wp","href":"https:\/\/api.w.org\/{rel}","templated":true}]}}