{"id":904579,"date":"2026-02-11T13:49:00","date_gmt":"2026-02-11T12:49:00","guid":{"rendered":"https:\/\/new.gradski.me\/uncategorized\/spoj-humanosti-i-knjizevnosti-u-petak-u-biblioteci\/"},"modified":"2026-02-11T13:49:00","modified_gmt":"2026-02-11T12:49:00","slug":"spoj-humanosti-i-knjizevnosti-u-petak-u-biblioteci","status":"publish","type":"post","link":"https:\/\/gradski.me\/en\/kultura\/spoj-humanosti-i-knjizevnosti-u-petak-u-biblioteci\/","title":{"rendered":"A fusion of humanity and literature on Friday at the Library"},"content":{"rendered":"<p><\/p>\n\n\n\n<p>Program \u0107e se odr\u017eati u petak, 13. februara, u 19 \u010dasova.<\/p>\n\n\n\n<p>Cilj doga\u0111aja je afirmacija knji\u017eevnog naslje\u0111a velikog pisca i podsticanje dru\u0161tvene solidarnosti kroz povezivanje obrazovnih i socijalnih institucija.<\/p>\n\n\n\n<p>U\u010desnici programa:<\/p>\n\n\n\n<p><strong>Milica An\u0111u\u0161i\u0107<\/strong>, profesorica knji\u017eevnosti,<\/p>\n\n\n\n<p>u\u010denik <strong>Miki Ra\u017enatovi\u0107<\/strong> (prezentacija o \u017eivotu i radu pisca)<\/p>\n\n\n\n<p><strong>Ivona Vukajlovi\u0107<\/strong>, sociolo\u0161kinja;<\/p>\n\n\n\n<p>U okviru programa bi\u0107e organizovan \u201eDikensov sto dobrote\u201c, namjenski prostor za prikupljanje donacija.<\/p>\n\n\n\n<p>Iz Narodne biblioteke pozivaju gra\u0111ane da daju svoj doprinos u vidu o\u010duvanih knjiga, slikovnica ili \u0161kolskog pribora.<\/p>\n\n\n\n<p>Prikupljeni materijal bi\u0107e proslije\u0111en Sekretarijatu za socijalno staranje za podr\u0161ku djeci iz socijalno ugro\u017eenih kategorija.<\/p>","protected":false},"excerpt":{"rendered":"<p>Povodom 214 godina od ro\u0111enja \u010carlsa Dikensa, NB \u201eRadosav Ljumovi\u0107\u201c organizuje tematsko ve\u010de pod nazivom \u201eKnji\u017eevnost kao put humanosti\u201c, saop\u0161teno je iz Narodne biblioteke.<\/p>","protected":false},"author":4,"featured_media":904580,"comment_status":"open","ping_status":"open","sticky":false,"template":"","format":"standard","meta":{"_acf_changed":false,"footnotes":"","jetpack_publicize_message":"","jetpack_publicize_feature_enabled":true,"jetpack_social_post_already_shared":false,"jetpack_social_options":{"image_generator_settings":{"template":"highway","default_image_id":0,"font":"","enabled":false},"version":2}},"categories":[11],"tags":[5257,4856,2955,9540],"naslovna":[],"class_list":["post-904579","post","type-post","status-publish","format-standard","has-post-thumbnail","hentry","category-kultura","tag-biblioteka","tag-humanost","tag-knjizevnost","tag-petak"],"acf":[],"jetpack_publicize_connections":[],"_links":{"self":[{"href":"https:\/\/gradski.me\/en\/wp-json\/wp\/v2\/posts\/904579","targetHints":{"allow":["GET"]}}],"collection":[{"href":"https:\/\/gradski.me\/en\/wp-json\/wp\/v2\/posts"}],"about":[{"href":"https:\/\/gradski.me\/en\/wp-json\/wp\/v2\/types\/post"}],"author":[{"embeddable":true,"href":"https:\/\/gradski.me\/en\/wp-json\/wp\/v2\/users\/4"}],"replies":[{"embeddable":true,"href":"https:\/\/gradski.me\/en\/wp-json\/wp\/v2\/comments?post=904579"}],"version-history":[{"count":0,"href":"https:\/\/gradski.me\/en\/wp-json\/wp\/v2\/posts\/904579\/revisions"}],"wp:featuredmedia":[{"embeddable":true,"href":"https:\/\/gradski.me\/en\/wp-json\/wp\/v2\/media\/904580"}],"wp:attachment":[{"href":"https:\/\/gradski.me\/en\/wp-json\/wp\/v2\/media?parent=904579"}],"wp:term":[{"taxonomy":"category","embeddable":true,"href":"https:\/\/gradski.me\/en\/wp-json\/wp\/v2\/categories?post=904579"},{"taxonomy":"post_tag","embeddable":true,"href":"https:\/\/gradski.me\/en\/wp-json\/wp\/v2\/tags?post=904579"},{"taxonomy":"naslovna","embeddable":true,"href":"https:\/\/gradski.me\/en\/wp-json\/wp\/v2\/naslovna?post=904579"}],"curies":[{"name":"wp","href":"https:\/\/api.w.org\/{rel}","templated":true}]}}