{"id":904554,"date":"2026-02-11T10:22:38","date_gmt":"2026-02-11T09:22:38","guid":{"rendered":"https:\/\/new.gradski.me\/uncategorized\/ministarstvo-javne-uprave-upravni-nadzor-u-budvi-u-toku-postupamo-jednako-prema-svima\/"},"modified":"2026-02-11T10:22:38","modified_gmt":"2026-02-11T09:22:38","slug":"ministarstvo-javne-uprave-upravni-nadzor-u-budvi-u-toku-postupamo-jednako-prema-svima","status":"publish","type":"post","link":"https:\/\/gradski.me\/en\/politika\/ministarstvo-javne-uprave-upravni-nadzor-u-budvi-u-toku-postupamo-jednako-prema-svima\/","title":{"rendered":"Ministarstvo javne uprave: Upravni nadzor u Budvi u toku, postupamo jednako prema svima"},"content":{"rendered":"<p><\/p>\n\n\n\n<p><\/p>\n\n\n\n<p>Reaguju\u0107i na o\u010dekivanja koja je iznijela NSD Budva, iz tog resora poru\u010duju da ministar Mara\u0161 Dukaj ostaje pri jasnom stavu da \u0107e svaki organ koji ne postupa u skladu sa Zakonom snositi pravnu odgovornost.<\/p>\n\n\n\n<p>\u201eMinistarstvo postupa profesionalno, a jedini kriterijum je zakon\u201c, navodi se u saop\u0161tenju.<\/p>\n\n\n\n<p>Kada je rije\u010d o Op\u0161tini Budva, iz Ministarstva isti\u010du da su preduzete sve mjere iz njihove nadle\u017enosti, uz jasne stavove koji su, kako navode, potvr\u0111eni i od strane nadle\u017enih sudova. Upravni nadzor u vezi sa izborom potpredsjednika Op\u0161tine je u toku, a javnost \u0107e, kako je saop\u0161teno, biti blagovremeno informisana o ishodu postupka.<\/p>\n\n\n\n<p>Tako\u0111e, u vezi sa zakonito\u0161\u0107u Programa privremenih objekata, Ministarstvo je, kako tvrde, preduzelo sve radnje u okviru svojih zakonskih ovla\u0161\u0107enja. Istovremeno podsje\u0107aju da i drugi resori snose odgovornost za zakonitost u oblastima koje pokrivaju.<\/p>\n\n\n\n<p>Na kraju, iz Ministarstva su uputili poruku NSD-u, ali i svim drugim politi\u010dkim subjektima i politi\u010darima koji obavljaju funkcije u institucijama, da umjesto javnih prozivki uzmu u razmatranje i usvoje zakonske i strate\u0161ke propise koje je pripremilo i predlo\u017eilo Ministarstvo javne uprave.<\/p>","protected":false},"excerpt":{"rendered":"<p>Ministarstvo javne uprave saop\u0161tilo je da nadzor nad svim jedinicama lokalne samouprave sprovodi jednako, dosljedno i bez izuzetaka, nagla\u0161avaju\u0107i da ne pravi razliku me\u0111u op\u0161tinama niti toleri\u0161e eventualne nepravilnosti. Kada je rije\u010d o Budvi, isti\u010du da je Upravni nadzor u vezi sa izborom potpredsjednika op\u0161tine u toku.<\/p>","protected":false},"author":5,"featured_media":904555,"comment_status":"open","ping_status":"open","sticky":false,"template":"","format":"standard","meta":{"_acf_changed":false,"footnotes":"","jetpack_publicize_message":"","jetpack_publicize_feature_enabled":true,"jetpack_social_post_already_shared":false,"jetpack_social_options":{"image_generator_settings":{"template":"highway","default_image_id":0,"font":"","enabled":false},"version":2}},"categories":[7],"tags":[14302,5788,237],"naslovna":[],"class_list":["post-904554","post","type-post","status-publish","format-standard","has-post-thumbnail","hentry","category-politika","tag-lokalna-samouprava","tag-mju","tag-zakon"],"acf":[],"jetpack_publicize_connections":[],"_links":{"self":[{"href":"https:\/\/gradski.me\/en\/wp-json\/wp\/v2\/posts\/904554","targetHints":{"allow":["GET"]}}],"collection":[{"href":"https:\/\/gradski.me\/en\/wp-json\/wp\/v2\/posts"}],"about":[{"href":"https:\/\/gradski.me\/en\/wp-json\/wp\/v2\/types\/post"}],"author":[{"embeddable":true,"href":"https:\/\/gradski.me\/en\/wp-json\/wp\/v2\/users\/5"}],"replies":[{"embeddable":true,"href":"https:\/\/gradski.me\/en\/wp-json\/wp\/v2\/comments?post=904554"}],"version-history":[{"count":0,"href":"https:\/\/gradski.me\/en\/wp-json\/wp\/v2\/posts\/904554\/revisions"}],"wp:featuredmedia":[{"embeddable":true,"href":"https:\/\/gradski.me\/en\/wp-json\/wp\/v2\/media\/904555"}],"wp:attachment":[{"href":"https:\/\/gradski.me\/en\/wp-json\/wp\/v2\/media?parent=904554"}],"wp:term":[{"taxonomy":"category","embeddable":true,"href":"https:\/\/gradski.me\/en\/wp-json\/wp\/v2\/categories?post=904554"},{"taxonomy":"post_tag","embeddable":true,"href":"https:\/\/gradski.me\/en\/wp-json\/wp\/v2\/tags?post=904554"},{"taxonomy":"naslovna","embeddable":true,"href":"https:\/\/gradski.me\/en\/wp-json\/wp\/v2\/naslovna?post=904554"}],"curies":[{"name":"wp","href":"https:\/\/api.w.org\/{rel}","templated":true}]}}