{"id":904447,"date":"2026-02-10T18:39:00","date_gmt":"2026-02-10T17:39:00","guid":{"rendered":"https:\/\/new.gradski.me\/uncategorized\/terzic-kaludjerovic-paunovic-barac-i-radjenovic-potpredsjednici-snp-a-jojic-kandidat-za-ministra-sporta-i-mladih\/"},"modified":"2026-02-10T18:39:00","modified_gmt":"2026-02-10T17:39:00","slug":"terzic-kaludjerovic-paunovic-barac-i-radjenovic-potpredsjednici-snp-a-jojic-kandidat-za-ministra-sporta-i-mladih","status":"publish","type":"post","link":"https:\/\/gradski.me\/en\/politika\/terzic-kaludjerovic-paunovic-barac-i-radjenovic-potpredsjednici-snp-a-jojic-kandidat-za-ministra-sporta-i-mladih\/","title":{"rendered":"Terzi\u0107, Kalu\u0111erovi\u0107, Paunovi\u0107, Bara\u0107 i Ra\u0111enovi\u0107 potpredsjednici SNP-a, Joji\u0107 kandidat\u00a0za ministra sporta i mladih"},"content":{"rendered":"<p><\/p>\n\n\n\n<p>Glavni odbor SNP-a je za generalnog sekretara imenovao Dragana Vuki\u0107a, dok je za direktora partije izabran Bogdan Bo\u017eovi\u0107.<\/p>\n\n\n\n<p><strong>Joji\u0107 kandidat&nbsp;za ministra sporta i mladih<\/strong><\/p>\n\n\n\n<p>Na sjednici je, kako navode, razmatrano i pitanje imenovanja u izvr\u0161noj vlasti, za ministra sporta i mladih.<\/p>\n\n\n\n<p>&#8222;Glavni odbor je jednoglasno donio odluku da to mjesto pripadne Op\u0161tinskom odboru SNP Berane, kao potvrda povjerenja u kadrove tog odbora i njihov dosada\u0161nji rad. U skladu sa tim, GO SNP, je za ovu funkciju, na predlog beranskog odbora, kandidovao Zorana Joji\u0107a, dosada\u0161njeg Generalnog direktora Direktorata za sport u Ministarstvu sporta i mladih&#8220;, navode u saop\u0161tenju.<\/p>\n\n\n\n<p>U nastavku sjednice bilo je rije\u010di o aktuelnoj politi\u010dkoj situaciji u Crnoj Gori, sa posebnim osvrtom na politi\u010dke i dru\u0161tvene izazove koji predstoje u narednom periodu.<\/p>\n\n\n\n<p>&#8222;Konstatovano je da je neophodno dodatno ja\u010danje partijskih struktura na svim nivoima, kao i intenziviranje rada na terenu, u cilju bolje komunikacije sa gra\u0111anima i afirmacije politike SNP-a&#8220;, dodaje se u saop\u0161tenju.<\/p>\n\n\n\n<p>Poseban akcenat stavljen je, kako navode, na potrebu ja\u010danja jedinstva unutar partije, prepoznatljivost programskih ciljeva i odgovoran odnos prema bira\u010dima.<\/p>\n\n\n\n<p>&#8222;Glavni odbor SNP izrazio je spremnost da u narednom periodu, kroz odgovoran politi\u010dki rad, sna\u017enije doprinese stabilnosti, razvoju i demokratskim procesima u Crnoj Gori&#8220;, zaklju\u010dili su u saop\u0161tenju.<\/p>","protected":false},"excerpt":{"rendered":"<p>Zoran Terzi\u0107, Sla\u0111ana Kalu\u0111erovi\u0107, Milosava Paunovi\u0107, Mitar Bara\u0107 i Krsto Ra\u0111enovi\u0107 izabrani su za potpredsjednike na sjednici Glavnog odbora Socijalisti\u010dke narodne partije (SNP).<\/p>","protected":false},"author":4,"featured_media":904448,"comment_status":"open","ping_status":"open","sticky":false,"template":"","format":"standard","meta":{"_acf_changed":false,"footnotes":"","jetpack_publicize_message":"","jetpack_publicize_feature_enabled":true,"jetpack_social_post_already_shared":false,"jetpack_social_options":{"image_generator_settings":{"template":"highway","default_image_id":0,"font":"","enabled":false},"version":2}},"categories":[7],"tags":[18816,2714,18817,18818,1880,266,18819],"naslovna":[],"class_list":["post-904447","post","type-post","status-publish","format-standard","has-post-thumbnail","hentry","category-politika","tag-dragan-vukic","tag-krsto-radjenovic","tag-milosava-paunovic","tag-mitar-barac","tag-sladjana-kaludjerovic","tag-snp","tag-zoran-terzic"],"acf":[],"jetpack_publicize_connections":[],"_links":{"self":[{"href":"https:\/\/gradski.me\/en\/wp-json\/wp\/v2\/posts\/904447","targetHints":{"allow":["GET"]}}],"collection":[{"href":"https:\/\/gradski.me\/en\/wp-json\/wp\/v2\/posts"}],"about":[{"href":"https:\/\/gradski.me\/en\/wp-json\/wp\/v2\/types\/post"}],"author":[{"embeddable":true,"href":"https:\/\/gradski.me\/en\/wp-json\/wp\/v2\/users\/4"}],"replies":[{"embeddable":true,"href":"https:\/\/gradski.me\/en\/wp-json\/wp\/v2\/comments?post=904447"}],"version-history":[{"count":0,"href":"https:\/\/gradski.me\/en\/wp-json\/wp\/v2\/posts\/904447\/revisions"}],"wp:featuredmedia":[{"embeddable":true,"href":"https:\/\/gradski.me\/en\/wp-json\/wp\/v2\/media\/904448"}],"wp:attachment":[{"href":"https:\/\/gradski.me\/en\/wp-json\/wp\/v2\/media?parent=904447"}],"wp:term":[{"taxonomy":"category","embeddable":true,"href":"https:\/\/gradski.me\/en\/wp-json\/wp\/v2\/categories?post=904447"},{"taxonomy":"post_tag","embeddable":true,"href":"https:\/\/gradski.me\/en\/wp-json\/wp\/v2\/tags?post=904447"},{"taxonomy":"naslovna","embeddable":true,"href":"https:\/\/gradski.me\/en\/wp-json\/wp\/v2\/naslovna?post=904447"}],"curies":[{"name":"wp","href":"https:\/\/api.w.org\/{rel}","templated":true}]}}