{"id":904424,"date":"2026-02-10T16:54:00","date_gmt":"2026-02-10T15:54:00","guid":{"rendered":"https:\/\/new.gradski.me\/uncategorized\/mju-besplatan-javni-wifi-u-24-opstine\/"},"modified":"2026-02-10T16:54:00","modified_gmt":"2026-02-10T15:54:00","slug":"mju-besplatan-javni-wifi-u-24-opstine","status":"publish","type":"post","link":"https:\/\/gradski.me\/en\/drustvo\/mju-besplatan-javni-wifi-u-24-opstine\/","title":{"rendered":"MJU: Besplatan javni WiFi u 24 op\u0161tine"},"content":{"rendered":"<p><br><\/p>\n\n\n\n<p>Kako su kazali, doga\u0111aj predstavlja dio koordinisanih ceremonija pokretanja inicijative \u0161irom Zapadnog Balkana.<\/p>\n\n\n\n<p>\u201cInicijativa WiFi4WB dio je \u0161ireg EU4Digital projekta, koji sufinansiraju Evropska unija i Vlada Njema\u010dke, a implementira ga GIZ u saradnji sa Ministarstvom javne uprave. Inspirisana uspje\u0161nim EU programom WiFi4EU, koji je omogu\u0107io besplatan internet u vi\u0161e od 7.000 zajednica \u0161irom Evrope, inicijativa \u0107e gra\u0111anima i posjetiocima omogu\u0107iti pristup besplatnom Wi-Fi-ju na javnim lokacijama kao \u0161to su trgovi, parkovi, biblioteke, \u0161kole i kulturni objekti\u201d, poja\u0161njavaju.<\/p>\n\n\n\n<p>Tim povodom, kako se dodaje, u Domu kulture u Danilovgradu odr\u017eana je ceremonija na kojoj su se osim Dukaja, obratili i ministarka evropskih poslova, Maida Gor\u010devi\u0107, ambasador Evropske unije u Crnoj Gori i \u0161ef Delegacije EU, Johan Satler, ambasador Njema\u010dke, Peter Felten, predsjednik Op\u0161tine Danilovgrad, Aleksandar Grgurovi\u0107, programska menad\u017eerka GIZ-a Gudrun Kramer, izvr\u0161ni direktor kompanije ONE, Branko Mitrovi\u0107.<\/p>\n\n\n\n<p>Dukaj je istakao da inicijativa WiFi4WB predstavlja sna\u017ean korak ka digitalnoj transformaciji lokalnih samouprava i unapre\u0111enju kvaliteta \u017eivota gra\u0111ana.<\/p>\n\n\n\n<p>\u201cU okviru doga\u0111aja potpisan je Memorandum o razumijevanju izme\u0111u Op\u0161tine Danilovgrad i GIZ-a, \u010dime je formalizovana saradnja na instalaciji, odr\u017eavanju i dugoro\u010dnoj operaciji WiFi4WB mre\u017ee u Crnoj Gori\u201d, pi\u0161e dalje u saoptenju.<\/p>\n\n\n\n<p>Nakon potpisivanja, simboli\u010dno je aktiviran prvi Wi-Fi hot-spot, \u010dime je i zvani\u010dno ozna\u010den po\u010detak primjene inicijative na terenu.<\/p>\n\n\n\n<p>\u201cMinistarstvo javne uprave je sna\u017eno posve\u0107eno ja\u010danju kapaciteta lokalnih samouprava, jer su one prva ta\u010dka kontakta gra\u0111ana sa javnom administracijom. Kroz podr\u0161ku digitalizaciji i modernim tehnolo\u0161kim rje\u0161enjima, postavljamo temelje za efikasnu javnu upravu, po mjeri gra\u0111ana\u201d, zaklju\u010dio je Dukaj.<\/p>","protected":false},"excerpt":{"rendered":"<p>Pristup internetu danas nije luksuz, ve\u0107 osnovni preduslov za aktivno u\u010de\u0161\u0107e u savremenom dru\u0161tvu. Kroz inicijativu WiFi4WB ja\u010damo digitalnu infrastrukturu na lokalnom nivou, smanjujemo digitalni jaz i stvaramo temelje za javnu upravu po mjeri gra\u0111ana, poru\u010dio je ministar javne uprave, Mara\u0161 Dukaj, na zvani\u010dnoj kick-off ceremoniji, kojom je obilje\u017een po\u010detak uspostavljanja besplatnih Wi-Fi mre\u017ea u 24 op\u0161tine u Crnoj Gori.<\/p>","protected":false},"author":5,"featured_media":904425,"comment_status":"open","ping_status":"open","sticky":false,"template":"","format":"standard","meta":{"_acf_changed":false,"footnotes":"","jetpack_publicize_message":"","jetpack_publicize_feature_enabled":true,"jetpack_social_post_already_shared":false,"jetpack_social_options":{"image_generator_settings":{"template":"highway","default_image_id":0,"font":"","enabled":false},"version":2}},"categories":[9],"tags":[18800,5788,18801],"naslovna":[],"class_list":["post-904424","post","type-post","status-publish","format-standard","has-post-thumbnail","hentry","category-drustvo","tag-24-opstine","tag-mju","tag-wifi"],"acf":[],"jetpack_publicize_connections":[],"_links":{"self":[{"href":"https:\/\/gradski.me\/en\/wp-json\/wp\/v2\/posts\/904424","targetHints":{"allow":["GET"]}}],"collection":[{"href":"https:\/\/gradski.me\/en\/wp-json\/wp\/v2\/posts"}],"about":[{"href":"https:\/\/gradski.me\/en\/wp-json\/wp\/v2\/types\/post"}],"author":[{"embeddable":true,"href":"https:\/\/gradski.me\/en\/wp-json\/wp\/v2\/users\/5"}],"replies":[{"embeddable":true,"href":"https:\/\/gradski.me\/en\/wp-json\/wp\/v2\/comments?post=904424"}],"version-history":[{"count":0,"href":"https:\/\/gradski.me\/en\/wp-json\/wp\/v2\/posts\/904424\/revisions"}],"wp:featuredmedia":[{"embeddable":true,"href":"https:\/\/gradski.me\/en\/wp-json\/wp\/v2\/media\/904425"}],"wp:attachment":[{"href":"https:\/\/gradski.me\/en\/wp-json\/wp\/v2\/media?parent=904424"}],"wp:term":[{"taxonomy":"category","embeddable":true,"href":"https:\/\/gradski.me\/en\/wp-json\/wp\/v2\/categories?post=904424"},{"taxonomy":"post_tag","embeddable":true,"href":"https:\/\/gradski.me\/en\/wp-json\/wp\/v2\/tags?post=904424"},{"taxonomy":"naslovna","embeddable":true,"href":"https:\/\/gradski.me\/en\/wp-json\/wp\/v2\/naslovna?post=904424"}],"curies":[{"name":"wp","href":"https:\/\/api.w.org\/{rel}","templated":true}]}}