{"id":904351,"date":"2026-02-10T12:51:00","date_gmt":"2026-02-10T11:51:00","guid":{"rendered":"https:\/\/new.gradski.me\/uncategorized\/konatar-vlada-je-razocarala-penzionere\/"},"modified":"2026-02-10T12:51:00","modified_gmt":"2026-02-10T11:51:00","slug":"konatar-vlada-je-razocarala-penzionere","status":"publish","type":"post","link":"https:\/\/gradski.me\/en\/politika\/konatar-vlada-je-razocarala-penzionere\/","title":{"rendered":"Konatar: Vlada je razo\u010darala penzionere"},"content":{"rendered":"<p><\/p>\n\n\n\n<p><\/p>\n\n\n\n<p>Konatar je naglasio da se penzioneri sa pravom osje\u0107aju razo\u010darani, jer pove\u0107anje penzija od 0,38 odsto ili 1,74 eura ne mo\u017ee pokriti rast cijena niti omogu\u0107iti dostojan \u017eivot penzionerima, a svakako nije ni ono \u0161to je Vlada obe\u0107avala.<\/p>\n\n\n\n<p>,,Pogre\u0161na ekonomska politika dovela je fond PIO u minus od preko 450 miliona eura, isto kao \u0161to je Vlada diskriminisala penzionere sa 40 godina radnog sta\u017ea zato \u0161to nije pove\u0107ala i njihove penzije uz pove\u0107anje minimalnih, \u0161to je bio predlog poslani\u010dkog kluba URE&#8220;, istakao je Konatar.<\/p>\n\n\n\n<p>,,Gra\u0111anski pokret URA \u0107e se boriti za pobolj\u0161anje standarda penzionera i ispravljanje vi\u0161edecenijskih nepravdi, \u0161to ostaje jedna od klju\u010dnih odrednica na\u0161eg programa &#8222;Crna Gora 365&#8220;, zaklju\u010dio je Konatar.<\/p>","protected":false},"excerpt":{"rendered":"<p>Penzioneri u Crnoj Gori su \u017ertve pogre\u0161ne ekonomske politike, jer pove\u0107anje penzija od 0,38 odsto ili 1,74 eura zna\u010di da su prevareni od strane Vlade, saop\u0161tio je \u0161ef poslani\u010dkog kluba Gra\u0111anskog pokreta URA Milo\u0161 Konatar.<\/p>","protected":false},"author":16,"featured_media":904352,"comment_status":"open","ping_status":"open","sticky":false,"template":"","format":"standard","meta":{"_acf_changed":false,"footnotes":"","jetpack_publicize_message":"","jetpack_publicize_feature_enabled":true,"jetpack_social_post_already_shared":false,"jetpack_social_options":{"image_generator_settings":{"template":"highway","default_image_id":0,"font":"","enabled":false},"version":2}},"categories":[7],"tags":[71,1020,5115,251],"naslovna":[],"class_list":["post-904351","post","type-post","status-publish","format-standard","has-post-thumbnail","hentry","category-politika","tag-gp-ura","tag-milos-konatar","tag-penzioneri","tag-vlada-cg"],"acf":[],"jetpack_publicize_connections":[],"_links":{"self":[{"href":"https:\/\/gradski.me\/en\/wp-json\/wp\/v2\/posts\/904351","targetHints":{"allow":["GET"]}}],"collection":[{"href":"https:\/\/gradski.me\/en\/wp-json\/wp\/v2\/posts"}],"about":[{"href":"https:\/\/gradski.me\/en\/wp-json\/wp\/v2\/types\/post"}],"author":[{"embeddable":true,"href":"https:\/\/gradski.me\/en\/wp-json\/wp\/v2\/users\/16"}],"replies":[{"embeddable":true,"href":"https:\/\/gradski.me\/en\/wp-json\/wp\/v2\/comments?post=904351"}],"version-history":[{"count":0,"href":"https:\/\/gradski.me\/en\/wp-json\/wp\/v2\/posts\/904351\/revisions"}],"wp:featuredmedia":[{"embeddable":true,"href":"https:\/\/gradski.me\/en\/wp-json\/wp\/v2\/media\/904352"}],"wp:attachment":[{"href":"https:\/\/gradski.me\/en\/wp-json\/wp\/v2\/media?parent=904351"}],"wp:term":[{"taxonomy":"category","embeddable":true,"href":"https:\/\/gradski.me\/en\/wp-json\/wp\/v2\/categories?post=904351"},{"taxonomy":"post_tag","embeddable":true,"href":"https:\/\/gradski.me\/en\/wp-json\/wp\/v2\/tags?post=904351"},{"taxonomy":"naslovna","embeddable":true,"href":"https:\/\/gradski.me\/en\/wp-json\/wp\/v2\/naslovna?post=904351"}],"curies":[{"name":"wp","href":"https:\/\/api.w.org\/{rel}","templated":true}]}}