{"id":904336,"date":"2026-02-10T11:55:00","date_gmt":"2026-02-10T10:55:00","guid":{"rendered":"https:\/\/new.gradski.me\/uncategorized\/milatovic-borba-protiv-govora-mrznje-je-borba-za-ljude-i-dostojanstvo-drustva\/"},"modified":"2026-02-10T11:55:00","modified_gmt":"2026-02-10T10:55:00","slug":"milatovic-borba-protiv-govora-mrznje-je-borba-za-ljude-i-dostojanstvo-drustva","status":"publish","type":"post","link":"https:\/\/gradski.me\/en\/politika\/milatovic-borba-protiv-govora-mrznje-je-borba-za-ljude-i-dostojanstvo-drustva\/","title":{"rendered":"Milatovi\u0107: Borba protiv govora mr\u017enje je borba za ljude i dostojanstvo dru\u0161tva"},"content":{"rendered":"<p><\/p>\n\n\n\n<p>Milatovi\u0107 je poru\u010dio da govor mr\u017enje predstavlja jedan od najozbiljnijih izazova savremenog dru\u0161tva i upozorio da se ta pojava u Crnoj Gori sve \u010de\u0161\u0107e normalizuje, naro\u010dito u digitalnom prostoru.<\/p>\n\n\n\n<p>\u201eGovor mr\u017enje nije mi\u0161ljenje, niti kritika. To je poruka da neko nije dobrodo\u0161ao. Da neko vrijedi manje. Da neko treba da se u\u0107utka, isklju\u010di, ponizi ili izbri\u0161e iz javnog prostora\u201c, naglasio je Milatovi\u0107.<\/p>\n\n\n\n<p>Pozivaju\u0107i se na nalaze nedavno zavr\u0161enog istra\u017eivanja, Milatovi\u0107 je upozorio da govor mr\u017enje u Crnoj Gori vi\u0161e nije izolovan incident, ve\u0107 pojava koja postaje dio svakodnevice. \u201eNajvi\u0161e se \u0161iri u digitalnoj sferi, na dru\u0161tvenim mre\u017eama i u komentarima na portalima, gdje po\u010dinje da izgleda kao ne\u0161to \u0161to je &#8216;normalno&#8220; i &#8216;svuda prisutno&#8217;.\u201c<\/p>\n\n\n\n<p>Milatovi\u0107 je jasno poru\u010dio da Crna Gora ne smije prihvatiti takav trend.<\/p>\n\n\n\n<p>\u201eNa to ne smijemo pristati. Nijedna dr\u017eava koja \u017eeli da bude demokratska i evropska ne mo\u017ee da prihvati takvu \u2018novu normalnost\u2019\u201c, istakao je.<\/p>\n\n\n\n<p>Milatovi\u0107 je naglasio da odgovor dru\u0161tva ne mo\u017ee biti samo reakcija nakon \u0161tete, ve\u0107 prevencija i dodao da moramo graditi dru\u0161tvo koje prepoznaje granicu izme\u0111u slobode govora i govora koji poni\u017eava, isklju\u010duje i podsti\u010de na netrpeljivost.<\/p>\n\n\n\n<p>U tom kontekstu, Milatovi\u0107 je ponovio stav da je potrebno da predmet Gra\u0111ansko obrazovanje dobije formalni status u obrazovnom sistemu jer ima klju\u010dnu ulogu u borbi protiv polarizacije i radikalizacije. \u201eGra\u0111ansko obrazovanje u\u010di mlade da razlikuju neslaganje od mr\u017enje, da uva\u017eavaju razli\u010ditost i da konflikt rje\u0161avaju argumentima, a ne vrije\u0111anjem.\u201c<\/p>\n\n\n\n<p>Ukazao je i na zna\u010daj medijske pismenosti u savremenom digitalnom okru\u017eenju.<\/p>\n\n\n\n<p>\u201eMedijska pismenost u\u010di kako da prepoznamo manipulaciju, dezinformaciju i govor koji podsti\u010de netrpeljivost. Ako ne u\u010dimo mlade kako da \u2018\u010ditaju\u2019 svijet oko sebe, neko drugi \u0107e im ga objasniti kroz stereotipe, strah i podjele\u201c, poru\u010dio je Milatovi\u0107.<\/p>\n\n\n\n<p>Istakao je da ima posebnu obavezu da li\u010dnim primjerom postavlja standarde javne komunikacije kroz na\u010din na koji govori i bira rije\u010di, te da djeluje kao predsjednik svih gra\u0111ana, sa odgovorno\u0161\u0107u da spaja, a ne da dijeli.<\/p>\n\n\n\n<p>Na kraju, Milatovi\u0107 je uputio jasan poziv svim akterima u dru\u0161tvu.<\/p>\n\n\n\n<p>\u201ePozivam institucije da djeluju i da ne \u0107ute. Pozivam medije da budu odgovorni u preno\u0161enju informacija. Pozivam politi\u010dare i funkcionere da vode primjerom jer povjerenje u institucije po\u010dinje od povjerenja u rije\u010d onih koji ih predstavljaju. Pozivam \u0161kole da u\u010de budu\u0107e generacije kriti\u010dkom promi\u0161ljanju, kroz gra\u0111ansko obrazovanje i medijsku pismenost. A sve nas da u javni prostor vratimo pristojnost\u201c, kazao je Predsjednik i zaklju\u010dio da borba protiv govora mr\u017enje nije borba protiv rije\u010di, ve\u0107 borba za ljude \u2014 za pravo da se \u017eivi bez straha, bez poni\u017eenja i bez isklju\u010denja.<\/p>","protected":false},"excerpt":{"rendered":"<p>Predsjednik Crne Gore Jakov Milatovi\u0107 govorio je danas na predstavljanju Izvje\u0161taja o mapiranju govora mr\u017enje u Crnoj Gori, u organizaciji Programske kancelarije Savjeta Evrope u Crnoj Gori, saop\u0161teno je iz Kancelarije za odnose s javno\u0161\u0107u Milatovi\u0107a.<\/p>","protected":false},"author":4,"featured_media":904337,"comment_status":"open","ping_status":"open","sticky":false,"template":"","format":"standard","meta":{"_acf_changed":false,"footnotes":"","jetpack_publicize_message":"","jetpack_publicize_feature_enabled":true,"jetpack_social_post_already_shared":false,"jetpack_social_options":{"image_generator_settings":{"template":"highway","default_image_id":0,"font":"","enabled":false},"version":2}},"categories":[7],"tags":[7106,18759,6252,78,3621],"naslovna":[],"class_list":["post-904336","post","type-post","status-publish","format-standard","has-post-thumbnail","hentry","category-politika","tag-borba","tag-dostojanstvo-drustvo","tag-govor-mrznje","tag-jakov-milatovic","tag-ljudi"],"acf":[],"jetpack_publicize_connections":[],"_links":{"self":[{"href":"https:\/\/gradski.me\/en\/wp-json\/wp\/v2\/posts\/904336","targetHints":{"allow":["GET"]}}],"collection":[{"href":"https:\/\/gradski.me\/en\/wp-json\/wp\/v2\/posts"}],"about":[{"href":"https:\/\/gradski.me\/en\/wp-json\/wp\/v2\/types\/post"}],"author":[{"embeddable":true,"href":"https:\/\/gradski.me\/en\/wp-json\/wp\/v2\/users\/4"}],"replies":[{"embeddable":true,"href":"https:\/\/gradski.me\/en\/wp-json\/wp\/v2\/comments?post=904336"}],"version-history":[{"count":0,"href":"https:\/\/gradski.me\/en\/wp-json\/wp\/v2\/posts\/904336\/revisions"}],"wp:featuredmedia":[{"embeddable":true,"href":"https:\/\/gradski.me\/en\/wp-json\/wp\/v2\/media\/904337"}],"wp:attachment":[{"href":"https:\/\/gradski.me\/en\/wp-json\/wp\/v2\/media?parent=904336"}],"wp:term":[{"taxonomy":"category","embeddable":true,"href":"https:\/\/gradski.me\/en\/wp-json\/wp\/v2\/categories?post=904336"},{"taxonomy":"post_tag","embeddable":true,"href":"https:\/\/gradski.me\/en\/wp-json\/wp\/v2\/tags?post=904336"},{"taxonomy":"naslovna","embeddable":true,"href":"https:\/\/gradski.me\/en\/wp-json\/wp\/v2\/naslovna?post=904336"}],"curies":[{"name":"wp","href":"https:\/\/api.w.org\/{rel}","templated":true}]}}