{"id":904276,"date":"2026-02-10T11:15:00","date_gmt":"2026-02-10T10:15:00","guid":{"rendered":"https:\/\/new.gradski.me\/uncategorized\/opsezna-potraga-za-nestalima-u-moraci-ronioci-ce-sonarom-pregledati-podrucje-mosta-luca-i-botuna\/"},"modified":"2026-02-10T11:15:00","modified_gmt":"2026-02-10T10:15:00","slug":"opsezna-potraga-za-nestalima-u-moraci-ronioci-ce-sonarom-pregledati-podrucje-mosta-luca-i-botuna","status":"publish","type":"post","link":"https:\/\/gradski.me\/en\/hronika\/opsezna-potraga-za-nestalima-u-moraci-ronioci-ce-sonarom-pregledati-podrucje-mosta-luca-i-botuna\/","title":{"rendered":"Opse\u017ena potraga za nestalima u Mora\u010di: Ronioci \u0107e sonarom pregledati podru\u010dje mosta Lu\u010da i Botuna"},"content":{"rendered":"<p>&#8222;Tokom dana bi\u0107e uklju\u010den i sonar, pomo\u0107u kojeg \u0107emo poku\u0161ati da do\u0111emo do dodatnih informacija i mogu\u0107ih rezultata, iako trenutni uslovi na terenu nijesu optimalni za njegovo anga\u017eovanje. S obzirom na padavine i promjenjive vremenske prilike, u trci smo s vremenom kako bismo pregledali \u0161to ve\u0107u zonu prije nego rijeka Mora\u010da dodatno zamuti i poraste&#8220;, rekao je Mijajlovi\u0107.<\/p>\n\n\n\n<p>Kako nam je kazao, u skladu s dana\u0161njim planom, njhovi timovi  \u0107e pretra\u017eivati korito rijeke Mora\u010de ispod mosta Lu\u010da, kao i podru\u010dje Botuna, gdje su, kako dodaje, u ranijim slu\u010dajevima, na osnovu iskustva pronalazili nestala lica.<\/p>\n\n\n\n<p>Podsjetimo, Mijajlovi\u0107 nam je ju\u010de kazao da su ronioci prona\u0161li djelove automobila i saobra\u0107ajnu dozvolu.<\/p>\n\n\n\n<p><strong><em>M.N.<\/em><\/strong><\/p>\n\n\n\n<p><\/p>\n\n\n\n<p><\/p>","protected":false},"excerpt":{"rendered":"<p>Ronioci Regionalnog centra Bijela i danas nastavili su potragu za osobom koja je u no\u0107i izme\u0111u subote i nedjelje kod mosta Lu\u010da u Podgorici automobilom sletjela u nabujalu rijeku. Rukovodilac sektora za operativne aktivnosti ronila\u010dkog centra Danilo Mijajlovi\u0107 kazao je Portalu RTV PG da u odnosu na rezultate ju\u010dera\u0161njih aktivnosti, danas imaju preciznije usmjerenu zonu djelovanja na odre\u0111enom podru\u010dju, gdje \u0107e timovi fokusirati dalji rad.<\/p>","protected":false},"author":16,"featured_media":904277,"comment_status":"open","ping_status":"open","sticky":false,"template":"","format":"standard","meta":{"_acf_changed":false,"footnotes":"","jetpack_publicize_message":"","jetpack_publicize_feature_enabled":true,"jetpack_social_post_already_shared":false,"jetpack_social_options":{"image_generator_settings":{"template":"highway","default_image_id":0,"font":"","enabled":false},"version":2}},"categories":[10],"tags":[1431,18565,14868],"naslovna":[],"class_list":["post-904276","post","type-post","status-publish","format-standard","has-post-thumbnail","hentry","category-hronika","tag-moraca","tag-nestali","tag-potraga"],"acf":[],"jetpack_publicize_connections":[],"_links":{"self":[{"href":"https:\/\/gradski.me\/en\/wp-json\/wp\/v2\/posts\/904276","targetHints":{"allow":["GET"]}}],"collection":[{"href":"https:\/\/gradski.me\/en\/wp-json\/wp\/v2\/posts"}],"about":[{"href":"https:\/\/gradski.me\/en\/wp-json\/wp\/v2\/types\/post"}],"author":[{"embeddable":true,"href":"https:\/\/gradski.me\/en\/wp-json\/wp\/v2\/users\/16"}],"replies":[{"embeddable":true,"href":"https:\/\/gradski.me\/en\/wp-json\/wp\/v2\/comments?post=904276"}],"version-history":[{"count":0,"href":"https:\/\/gradski.me\/en\/wp-json\/wp\/v2\/posts\/904276\/revisions"}],"wp:featuredmedia":[{"embeddable":true,"href":"https:\/\/gradski.me\/en\/wp-json\/wp\/v2\/media\/904277"}],"wp:attachment":[{"href":"https:\/\/gradski.me\/en\/wp-json\/wp\/v2\/media?parent=904276"}],"wp:term":[{"taxonomy":"category","embeddable":true,"href":"https:\/\/gradski.me\/en\/wp-json\/wp\/v2\/categories?post=904276"},{"taxonomy":"post_tag","embeddable":true,"href":"https:\/\/gradski.me\/en\/wp-json\/wp\/v2\/tags?post=904276"},{"taxonomy":"naslovna","embeddable":true,"href":"https:\/\/gradski.me\/en\/wp-json\/wp\/v2\/naslovna?post=904276"}],"curies":[{"name":"wp","href":"https:\/\/api.w.org\/{rel}","templated":true}]}}