{"id":904169,"date":"2026-02-09T14:48:23","date_gmt":"2026-02-09T13:48:23","guid":{"rendered":"https:\/\/new.gradski.me\/uncategorized\/jokic-sluzbenici-mju-i-dps-zajedno-tumacili-zakone\/"},"modified":"2026-02-09T14:48:23","modified_gmt":"2026-02-09T13:48:23","slug":"jokic-sluzbenici-mju-i-dps-zajedno-tumacili-zakone","status":"publish","type":"post","link":"https:\/\/gradski.me\/en\/politika\/jokic-sluzbenici-mju-i-dps-zajedno-tumacili-zakone\/","title":{"rendered":"Joki\u0107: Slu\u017ebenici MJU i DPS zajedno tuma\u010dili zakone"},"content":{"rendered":"<p><\/p>\n\n\n\n<p><\/p>\n\n\n\n<p>&#8222;Danas je javnosti postalo jasno ono \u0161to smo ve\u0107 najavili pro\u0161log petka, da su slu\u017ebenici MJU i kotorskog DPS-a u saradnji tuma\u010dili zakone za ra\u010dun i u interes DPS-a. Ni malo ne \u010dudi \u0161to je onda to tuma\u010denje suprotno stavovima Upravnog suda, Vrhovnog suda Crne Gore i Evropskog suda za ljudska prava&#8220;, kazao je Joki\u0107.&nbsp;<\/p>\n\n\n\n<p>Kako je naglasio, Skup\u0161tina op\u0161tine Kotor je u odnosu na inicijativu odlu\u010divala i odnosom 19:12 odbacila inicijativu za skra\u0107enje mandata.<\/p>\n\n\n\n<p>&#8222;\u010cime je ispunjen nalog MJU i ova stvar stavljena ad acta. Kako sam i najavio, dodatnu potvrdu ovih stavova \u0107emo potra\u017eiti pred nadle\u017enim sudovima i organima&#8220;, kazao je Joki\u0107.<\/p>\n\n\n\n<p>On je kazao da nema nista od prijevremenih izbora.<\/p>\n\n\n\n<p>&#8222;Opozicija \u0107e morati da \u010deka 2027. godinu, a nova gradska uprava \u0107e voditi ovaj grad na zadovoljstvo svih gra\u0111ana&#8220;, naglasio je Joki\u0107.<\/p>\n\n\n\n<p>Ministarstvo javne uprave dostavilo je nalaz koji ukazuje na to da su se stekli uslovi za skra\u0107enje mandata Skup\u0161tini op\u0161tine Kotor.<\/p>\n\n\n\n<p>Iz OO DPS Kotor rekli su ranije danas da je takav nalaz potvrdio opravdanost inicijative za raspu\u0161tanje parlamenta koju su odbornici DPS-a podnijeli zajedno sa odbornicima Evropskog saveza i Hrvatske gra\u0111anske inicijative.&nbsp;<\/p>\n\n\n\n<p>Klub odbornika DPS u SO Kotor, tvrde, pokrenuo je inicijativu za raspu\u0161tanje lokalnog parlamenta zbog grubog kr\u0161enja Zakona o lokalnoj samoupravi, koje se ogleda u tome \u0161to Vladimir Joki\u0107 nije u propisanom roku izabran za predsjednika Op\u0161tine.<\/p>\n\n\n\n<p>&#8222;Uprkos njegovim glasnim poku\u0161ajima da obmane javnost u nastojanju da silu na sramotu, pa i otvorenim kr\u0161enjem zakona, sa\u010duva fotelju prvog \u010dovjeka Kotora, jasno je kao dan da Joki\u0107 uzurpira funkciju predsjednika Op\u0161tine, pa su samim tim upitne i sve odluke koje je donosio&#8220;, rekli su iz OO DPS Kotor.&nbsp;<\/p>\n\n\n\n<p>Iinicijativa DPS-a i ostatka opozicije u Kotoru za skra\u0107enje mandata Skup\u0161tine op\u0161tine Kotor pro\u0161le sedmice nije izglasana. Protiv je bilo 19 odbornika, a 12 za. Joki\u0107 je tada rekao za TVCG da je DPS pro\u0161ao &#8222;kao bos po trnju&#8220;.<\/p>\n\n\n\n<p><\/p>","protected":false},"excerpt":{"rendered":"<p>Predsjednik Op\u0161tine Kotor Vladimir Joki\u0107 izjavio je za Portal RTCG da su slu\u017ebenici Ministarstva javne uprave (MJU) i kotorskog DPS-a u saradnji tuma\u010dili zakone u vezi sa lokalnim parlamentom za ra\u010dun i u interesu Demokratske partije socijalista.<\/p>","protected":false},"author":5,"featured_media":898844,"comment_status":"open","ping_status":"open","sticky":false,"template":"","format":"standard","meta":{"_acf_changed":false,"footnotes":"","jetpack_publicize_message":"","jetpack_publicize_feature_enabled":true,"jetpack_social_post_already_shared":false,"jetpack_social_options":{"image_generator_settings":{"template":"highway","default_image_id":0,"font":"","enabled":false},"version":2}},"categories":[7],"tags":[5788,18676],"naslovna":[],"class_list":["post-904169","post","type-post","status-publish","format-standard","has-post-thumbnail","hentry","category-politika","tag-mju","tag-predsjednik-opstine-kotor"],"acf":[],"jetpack_publicize_connections":[],"_links":{"self":[{"href":"https:\/\/gradski.me\/en\/wp-json\/wp\/v2\/posts\/904169","targetHints":{"allow":["GET"]}}],"collection":[{"href":"https:\/\/gradski.me\/en\/wp-json\/wp\/v2\/posts"}],"about":[{"href":"https:\/\/gradski.me\/en\/wp-json\/wp\/v2\/types\/post"}],"author":[{"embeddable":true,"href":"https:\/\/gradski.me\/en\/wp-json\/wp\/v2\/users\/5"}],"replies":[{"embeddable":true,"href":"https:\/\/gradski.me\/en\/wp-json\/wp\/v2\/comments?post=904169"}],"version-history":[{"count":0,"href":"https:\/\/gradski.me\/en\/wp-json\/wp\/v2\/posts\/904169\/revisions"}],"wp:featuredmedia":[{"embeddable":true,"href":"https:\/\/gradski.me\/en\/wp-json\/wp\/v2\/media\/898844"}],"wp:attachment":[{"href":"https:\/\/gradski.me\/en\/wp-json\/wp\/v2\/media?parent=904169"}],"wp:term":[{"taxonomy":"category","embeddable":true,"href":"https:\/\/gradski.me\/en\/wp-json\/wp\/v2\/categories?post=904169"},{"taxonomy":"post_tag","embeddable":true,"href":"https:\/\/gradski.me\/en\/wp-json\/wp\/v2\/tags?post=904169"},{"taxonomy":"naslovna","embeddable":true,"href":"https:\/\/gradski.me\/en\/wp-json\/wp\/v2\/naslovna?post=904169"}],"curies":[{"name":"wp","href":"https:\/\/api.w.org\/{rel}","templated":true}]}}