{"id":904161,"date":"2026-02-09T17:17:00","date_gmt":"2026-02-09T16:17:00","guid":{"rendered":"https:\/\/new.gradski.me\/uncategorized\/narodna-kuhinja-na-visini-zadatka-prosle-godine-distiribuirano-8-500-obroka-uskoro-nove-prostorije\/"},"modified":"2026-02-09T17:17:00","modified_gmt":"2026-02-09T16:17:00","slug":"narodna-kuhinja-na-visini-zadatka-prosle-godine-distiribuirano-8-500-obroka-uskoro-nove-prostorije","status":"publish","type":"post","link":"https:\/\/gradski.me\/en\/drustvo\/narodna-kuhinja-na-visini-zadatka-prosle-godine-distiribuirano-8-500-obroka-uskoro-nove-prostorije\/","title":{"rendered":"The soup kitchen is up to the task, 8,500 meals were distributed last year, new premises are coming soon"},"content":{"rendered":"<p><\/p>\n\n\n\n<p>U prostorijama Crvenog krsta u toku su zavr\u0161ne pripreme, koje bi mogle da omogu\u0107e rad Narodne kuhinje u punom kapacitetu.<\/p>\n\n\n\n<p>\u201cOd mla\u0111ih ljudi koji trenutno nijesu u radnom odnosu do penzionera, imamo u dosta ljudi koji zajedno sa porodicama \u017eive neadekvatno i samim tim ne mogu sebi da priu\u0161te taj obrok, tako da su i oni na\u0161i korisnici\u201d, kazao je koordinator&nbsp;<strong>\u017deljko Srdanovi\u0107.<\/strong><\/p>\n\n\n\n<p>On isti\u010de da su izazovi u svakodnevnom radu brojni, ali da se uz dobru organizaciju predanost zaposlenih i volontera svi oni prevazi\u0111u.<\/p>\n\n\n\n<p>\u201cNajosnovnija varijanta je nabavka namirnica, vezana je za Op\u0161tinu Budva koja je isklju\u010divi finansijer, ja kao koordinator na sedmi\u010dnom novu naru\u010dujem namirniuce, koje se kasnije spremaju i distriburiaju korisnicima. S obzirom na prelazak na novu lokaciju, mi smo sada u prilici da dobijamo hranu od restorana koji su na\u0161i donatori i ovom prilikom mogu da ka\u017eem da je to ba\u0161 kvalitetna, topla i obilna isporuka\u201d, istakao je on.<\/p>\n\n\n\n<p>U prostorijama CK u toku su posljednje pripreme kako bi Narodna kuhinja u narednom periodu mogla da funkcioni\u0161e u punom kapacitetu, a u okviru novih rje\u0161enja kuhinja \u0107e dobiti sopstveni magacin \u0161to \u0107e dodatno unaprijediti poslovanje.<\/p>\n\n\n\n<p>\u201cRanije smo imali akcije koje su bile vezane za Mega mol, onda za jo\u0161 neke trgova\u010dke ku\u0107e, radili smo projekat vezan isklju\u010divo za pomo\u0107 Narodnoj kuhinnji, akcije, ali s obzirom da smo tek sada imati svoj magacin i komoru, mo\u0107i \u0107emo da ponovo radimo takve akcije jer do sada mnoge namirnice su nam bile bekorsine pa smo ih distribuirali Crvenom krstu\u201d, napomenuo je Srdanovi\u0107.<\/p>\n\n\n\n<p>Kako je pojasnio, Narodna kuhinja nema svoj \u017eiro ra\u010dun.<\/p>\n\n\n\n<p>\u201cTako da nov\u010dane donacije do sada nijesmo primali, jedino kao uplata trgova\u010dkim lancima, a onda bi mi povukli potrebne namirnice\u201d, pojasnio je.<\/p>\n\n\n\n<p>Srdanovi\u0107 isti\u010de da rad Narode kuhinje ne bi bio mogu\u0107 bez pomo\u0107i lokalne samouprave, resornih sekretarijata, donatora i gra\u0111ana dobre volje. Kako je zaklju\u010dio Narodna kuhinja nije prekidala sa radom ni tokom praznika kada su korisnicima distribuirani redovni obroci.<\/p>","protected":false},"excerpt":{"rendered":"<p>Narodna kuhinja u Budvi i dalje predstavlja jednu od klju\u010dnih ta\u010daka podr\u0161ke najugro\u017eenijim sugra\u0111anima. Tokom pro\u0161le godine distribuirano je oko 8.500 obroka, a uprkos brojnim pote\u0161ko\u0107ama u radu, ova slu\u017eba funkcioni\u0161e kontinuriano uz pod\u0161ku lokalne samouprave i zajednice donatora i volontera.<\/p>","protected":false},"author":4,"featured_media":904162,"comment_status":"open","ping_status":"open","sticky":false,"template":"","format":"standard","meta":{"_acf_changed":false,"footnotes":"","jetpack_publicize_message":"","jetpack_publicize_feature_enabled":true,"jetpack_social_post_already_shared":false,"jetpack_social_options":{"image_generator_settings":{"template":"highway","default_image_id":0,"font":"","enabled":false},"version":2}},"categories":[9],"tags":[925,750,3488],"naslovna":[],"class_list":["post-904161","post","type-post","status-publish","format-standard","has-post-thumbnail","hentry","category-drustvo","tag-budva","tag-crveni-krst","tag-narodna-kuhinja"],"acf":[],"jetpack_publicize_connections":[],"_links":{"self":[{"href":"https:\/\/gradski.me\/en\/wp-json\/wp\/v2\/posts\/904161","targetHints":{"allow":["GET"]}}],"collection":[{"href":"https:\/\/gradski.me\/en\/wp-json\/wp\/v2\/posts"}],"about":[{"href":"https:\/\/gradski.me\/en\/wp-json\/wp\/v2\/types\/post"}],"author":[{"embeddable":true,"href":"https:\/\/gradski.me\/en\/wp-json\/wp\/v2\/users\/4"}],"replies":[{"embeddable":true,"href":"https:\/\/gradski.me\/en\/wp-json\/wp\/v2\/comments?post=904161"}],"version-history":[{"count":0,"href":"https:\/\/gradski.me\/en\/wp-json\/wp\/v2\/posts\/904161\/revisions"}],"wp:featuredmedia":[{"embeddable":true,"href":"https:\/\/gradski.me\/en\/wp-json\/wp\/v2\/media\/904162"}],"wp:attachment":[{"href":"https:\/\/gradski.me\/en\/wp-json\/wp\/v2\/media?parent=904161"}],"wp:term":[{"taxonomy":"category","embeddable":true,"href":"https:\/\/gradski.me\/en\/wp-json\/wp\/v2\/categories?post=904161"},{"taxonomy":"post_tag","embeddable":true,"href":"https:\/\/gradski.me\/en\/wp-json\/wp\/v2\/tags?post=904161"},{"taxonomy":"naslovna","embeddable":true,"href":"https:\/\/gradski.me\/en\/wp-json\/wp\/v2\/naslovna?post=904161"}],"curies":[{"name":"wp","href":"https:\/\/api.w.org\/{rel}","templated":true}]}}