{"id":904127,"date":"2026-02-09T14:41:00","date_gmt":"2026-02-09T13:41:00","guid":{"rendered":"https:\/\/new.gradski.me\/uncategorized\/spp-predlaze-reformu-clana-94-zoip-a-i-model-nacionalnog-podskupa\/"},"modified":"2026-02-09T14:41:00","modified_gmt":"2026-02-09T13:41:00","slug":"spp-predlaze-reformu-clana-94-zoip-a-i-model-nacionalnog-podskupa","status":"publish","type":"post","link":"https:\/\/gradski.me\/en\/drustvo\/spp-predlaze-reformu-clana-94-zoip-a-i-model-nacionalnog-podskupa\/","title":{"rendered":"SPP predla\u017ee reformu \u010dlana 94. ZOIP-a i model &#8222;Nacionalnog podskupa&#8220;"},"content":{"rendered":"<p>Iz te stranke su, kako je saop\u0161teno, uputili poslanicima Skup\u0161tine Crne Gore inicijativu za demokratizaciju manjinske zastupljenosti, reformu \u010dlana 94. Zakona o izboru odbornika i poslanika (ZOIP).<\/p>\n\n\n\n<p>\u201eDosada\u0161nja primjena \u010dlana 94. ZOIP pokazala je da model afirmativne akcije, iako dobronamjeran u teoriji, u praksi proizvodi politi\u010dki monopol jedne partije unutar manjinskih zajednica. Umjesto da \u0161titi manjinu od &#8222;otapanja&#8220; u ve\u0107ini, aktuelni zakon je razvio lex specialis norme koje \u0161tite etablirane elite od unutar-nacionalne konkurencije\u201c, navodi se u saop\u0161tenju SPP dostavljenom PR Centru.<\/p>\n\n\n\n<p>Iz te partije su naglasili da renutni sistem, koji koristi D\u2019Hondtovu metodu na izolovane manjinske liste, stvara situaciju u kojoj glasovi za manje liste propadaju, \u010dime se, kako smatraju, direktno slabi ukupna snaga manjinskog naroda u Parlamentu.<\/p>\n\n\n\n<p>\u201e\u200bBira\u010di su prisiljeni na takti\u010dko glasanje za najja\u010du partiju, ne zbog kvaliteta programa, ve\u0107 iz straha da njihov narod ne ostane bez mandata. Onemogu\u0107ena je smjenjivost, jer zakon favorizuje partiju koja ve\u0107 posjeduje resurse i infrastrukturu, \u010dine\u0107i politi\u010dki pluralizam unutar npr. bo\u0161nja\u010dkog naroda prakti\u010dno nemogu\u0107im\u201c, ka\u017ee se u saop\u0161tenju.<\/p>\n\n\n\n<p>\u200bIz SPP su predlo\u017eili model &#8222;Nacionalnog podskupa&#8220; (Sub-pool) i izmjenu \u010dlana 94. tako da se uvede sistem zbirnog manjinskog mandata bez eliminacionog praga za liste unutar iste zajednice.<\/p>\n\n\n\n<p>\u201eSve izborne liste koje se deklari\u0161u kao predstavnici jednog manjinskog naroda (npr. Bo\u0161njaka) tretirale bi se u prvoj fazi kao jedinstven rezervoar glasova. Ukupan broj glasova svih tih listi odre\u0111uje koliko mandata pripada toj zajednici (afirmativni plafon). Mandati unutar zajednice dodjeljuju se listama srazmjerno njihovom uspjehu, bez unutra\u0161njeg praga\u201c, naveli su iz SPP.<\/p>\n\n\n\n<p>To zna\u010di, kako su pojasnili da, ukoliko Bo\u0161njaci kao zajednica ostvare tri mandata, a &#8222;vode\u0107a&#8220; partija nosi 70 odsto glasova, a &#8222;manja&#8220; 30 odsto, mandati bi se dijelili 2:1.<\/p>\n\n\n\n<p>\u201eU sada\u0161njem sistemu, manja partija bi ostala na nuli, a njen glas bi bio izgubljen ili pripisan ve\u0107ini\u201c, dodali su iz SPP.<\/p>\n\n\n\n<p>Ukazali su da ovim modelom posti\u017eu za\u0161titu zajednice, navode\u0107i da nijedan bo\u0161nja\u010dki (ili drugi manjinski) glas vi\u0161e ne mo\u017ee biti &#8222;rasut&#8220;.<\/p>\n\n\n\n<p>\u201eManje partije dobijaju \u0161ansu da kontroli\u0161u rad vode\u0107ih, \u010dime se podi\u017ee kvalitet zastupanja. Manjinski bira\u010d dobija isto pravo kao i ve\u0107inski \u2013 pravo da bira izme\u0111u vi\u0161e konkurentnih programa unutar svog korpusa\u201c, istakli su iz SPP.<\/p>\n\n\n\n<p>Poru\u010dili su da afirmativna akcija mora slu\u017eiti narodu, a ne partijskim liderima.<\/p>\n\n\n\n<p>\u201ePozivamo vas da kroz dijalog u Odboru podr\u017eite model &#8222;Nacionalnog podskupa&#8220; kao jedini na\u010din da Crna Gora dobije parlament koji je ogledalo stvarne volje svih njenih gra\u0111ana\u201c, zaklju\u010dili su iz SPP u saop\u0161tenju.<\/p>","protected":false},"excerpt":{"rendered":"<p>Dosada\u0161nja primjena \u010dlana 94. Zakona o izboru odbornika i poslanika (ZOIP) pokazala je da model afirmativne akcije u praksi proizvodi politi\u010dki monopol jedne partije unutar manjinskih zajednica, zbog \u010dega\u00a0Stranka pravde i pomirenja (SPP)\u00a0predla\u017ee reformski model koji bi osigurao afirmativnost bez diskriminacije novih ideja.<\/p>","protected":false},"author":4,"featured_media":904128,"comment_status":"open","ping_status":"open","sticky":false,"template":"","format":"standard","meta":{"_acf_changed":false,"footnotes":"","jetpack_publicize_message":"","jetpack_publicize_feature_enabled":true,"jetpack_social_post_already_shared":false,"jetpack_social_options":{"image_generator_settings":{"template":"highway","default_image_id":0,"font":"","enabled":false},"version":2}},"categories":[9],"tags":[3427,18667],"naslovna":[],"class_list":["post-904127","post","type-post","status-publish","format-standard","has-post-thumbnail","hentry","category-drustvo","tag-bosnjaci-2","tag-nacionalni-podskup"],"acf":[],"jetpack_publicize_connections":[],"_links":{"self":[{"href":"https:\/\/gradski.me\/en\/wp-json\/wp\/v2\/posts\/904127","targetHints":{"allow":["GET"]}}],"collection":[{"href":"https:\/\/gradski.me\/en\/wp-json\/wp\/v2\/posts"}],"about":[{"href":"https:\/\/gradski.me\/en\/wp-json\/wp\/v2\/types\/post"}],"author":[{"embeddable":true,"href":"https:\/\/gradski.me\/en\/wp-json\/wp\/v2\/users\/4"}],"replies":[{"embeddable":true,"href":"https:\/\/gradski.me\/en\/wp-json\/wp\/v2\/comments?post=904127"}],"version-history":[{"count":0,"href":"https:\/\/gradski.me\/en\/wp-json\/wp\/v2\/posts\/904127\/revisions"}],"wp:featuredmedia":[{"embeddable":true,"href":"https:\/\/gradski.me\/en\/wp-json\/wp\/v2\/media\/904128"}],"wp:attachment":[{"href":"https:\/\/gradski.me\/en\/wp-json\/wp\/v2\/media?parent=904127"}],"wp:term":[{"taxonomy":"category","embeddable":true,"href":"https:\/\/gradski.me\/en\/wp-json\/wp\/v2\/categories?post=904127"},{"taxonomy":"post_tag","embeddable":true,"href":"https:\/\/gradski.me\/en\/wp-json\/wp\/v2\/tags?post=904127"},{"taxonomy":"naslovna","embeddable":true,"href":"https:\/\/gradski.me\/en\/wp-json\/wp\/v2\/naslovna?post=904127"}],"curies":[{"name":"wp","href":"https:\/\/api.w.org\/{rel}","templated":true}]}}