{"id":904109,"date":"2026-02-09T11:03:17","date_gmt":"2026-02-09T10:03:17","guid":{"rendered":"https:\/\/new.gradski.me\/uncategorized\/up-u-januaru-realizovano-1-214-mjera-prema-stranim-drzavljanima\/"},"modified":"2026-02-09T11:03:17","modified_gmt":"2026-02-09T10:03:17","slug":"up-u-januaru-realizovano-1-214-mjera-prema-stranim-drzavljanima","status":"publish","type":"post","link":"https:\/\/gradski.me\/en\/hronika\/up-u-januaru-realizovano-1-214-mjera-prema-stranim-drzavljanima\/","title":{"rendered":"UP: U januaru realizovano 1.214 mjera prema stranim dr\u017eavljanima"},"content":{"rendered":"<p><\/p>\n\n\n\n<p><\/p>\n\n\n\n<p>&#8222;Pripadnici grani\u010dne policije \u2013 inspektori za strance, su tokom januara sproveli 25 samostalnih akcija poja\u010dane kontrole ulaska, kretanja, boravka i rada stranih dr\u017eavljana u Crnoj Gori, dok su u saradnji sa nadle\u017enim inspekcijskim slu\u017ebama realizovane 34 akcije&#8220;, kazali su iz policije.<\/p>\n\n\n\n<p>As part of these activities, the following was adopted:<\/p>\n\n\n\n<ul class=\"wp-block-list\">\n<li>150 rje\u0161enja o povratku lica,<\/li>\n\n\n\n<li>111 rje\u0161enja o otkazu boravka do 90 dana,<\/li>\n\n\n\n<li><strong>15 <\/strong>rje\u0161enja <strong>o protjerivanju<\/strong> stranih dr\u017eavljana,<\/li>\n\n\n\n<li>prinudno je udaljeno<strong> 15 <\/strong>stranih dr\u017eavljana,<\/li>\n\n\n\n<li>podnijete su <strong>232 <\/strong>inicijative za <strong>prekid privremenog boravka<\/strong>,<\/li>\n\n\n\n<li>donijeto je <strong>5<\/strong> rje\u0161enja o bla\u017eim mjerama.<\/li>\n<\/ul>\n\n\n\n<p><\/p>\n\n\n\n<p>&#8222;Ukupan broj podnijetih prekr\u0161ajnih prijava i izdatih prekr\u0161ajnih naloga stranim dr\u017eavljanima je u januaru iznosio 667. U istom periodu, \u0161est stranih dr\u017eavljana je smje\u0161teno u Prihvatili\u0161te za strance. Shodno sporazumima o vra\u0107anju i prihvatanju lica \u010diji je ulazak ili boravak nezakonit, susjednim dr\u017eavama je u skra\u0107enom postupku predato 13 stranih dr\u017eavljanina&#8220;, zaklju\u010duju u saop\u0161tenju. <\/p>","protected":false},"excerpt":{"rendered":"<p>Slu\u017ebenici Sektora grani\u010dne policije, su u okviru operativno &#8211; takti\u010dke akcije \u201cStranac\u201d, u saradnji sa inspekcijskim slu\u017ebama, u toku januara realizovali 1.214 mjera usmjerenih na kontrolu kretanja, boravka i rada stranih dr\u017eavljana u Crnoj Gori, saop\u0161teno je iz Uprave policije.<\/p>","protected":false},"author":16,"featured_media":901241,"comment_status":"open","ping_status":"open","sticky":false,"template":"","format":"standard","meta":{"_acf_changed":false,"footnotes":"","jetpack_publicize_message":"","jetpack_publicize_feature_enabled":true,"jetpack_social_post_already_shared":false,"jetpack_social_options":{"image_generator_settings":{"template":"highway","default_image_id":0,"font":"","enabled":false},"version":2}},"categories":[10],"tags":[1169,147],"naslovna":[],"class_list":["post-904109","post","type-post","status-publish","format-standard","has-post-thumbnail","hentry","category-hronika","tag-akcija-stranac","tag-up"],"acf":[],"jetpack_publicize_connections":[],"_links":{"self":[{"href":"https:\/\/gradski.me\/en\/wp-json\/wp\/v2\/posts\/904109","targetHints":{"allow":["GET"]}}],"collection":[{"href":"https:\/\/gradski.me\/en\/wp-json\/wp\/v2\/posts"}],"about":[{"href":"https:\/\/gradski.me\/en\/wp-json\/wp\/v2\/types\/post"}],"author":[{"embeddable":true,"href":"https:\/\/gradski.me\/en\/wp-json\/wp\/v2\/users\/16"}],"replies":[{"embeddable":true,"href":"https:\/\/gradski.me\/en\/wp-json\/wp\/v2\/comments?post=904109"}],"version-history":[{"count":0,"href":"https:\/\/gradski.me\/en\/wp-json\/wp\/v2\/posts\/904109\/revisions"}],"wp:featuredmedia":[{"embeddable":true,"href":"https:\/\/gradski.me\/en\/wp-json\/wp\/v2\/media\/901241"}],"wp:attachment":[{"href":"https:\/\/gradski.me\/en\/wp-json\/wp\/v2\/media?parent=904109"}],"wp:term":[{"taxonomy":"category","embeddable":true,"href":"https:\/\/gradski.me\/en\/wp-json\/wp\/v2\/categories?post=904109"},{"taxonomy":"post_tag","embeddable":true,"href":"https:\/\/gradski.me\/en\/wp-json\/wp\/v2\/tags?post=904109"},{"taxonomy":"naslovna","embeddable":true,"href":"https:\/\/gradski.me\/en\/wp-json\/wp\/v2\/naslovna?post=904109"}],"curies":[{"name":"wp","href":"https:\/\/api.w.org\/{rel}","templated":true}]}}